{"id":7531,"date":"2026-03-10T15:03:54","date_gmt":"2026-03-10T14:03:54","guid":{"rendered":"https:\/\/www.jungborn.de\/blog\/?p=7531"},"modified":"2026-04-23T12:39:09","modified_gmt":"2026-04-23T10:39:09","slug":"oster-brunch-mit-aal-tartar-gefuellten-eiern","status":"publish","type":"post","link":"https:\/\/www.jungborn.de\/blog\/oster-brunch-mit-aal-tartar-gefuellten-eiern\/","title":{"rendered":"Oster-Brunch mit Aal-Tartar &amp; gef\u00fcllten Eiern"},"content":{"rendered":"\n<p>Ein Oster-Brunch hat Tradition: Nach der Fastenzeit kommt man Ostersonntag in ungezwungener Runde zusammen, um mit k\u00f6stlichen Speisen das Fr\u00fchlingserwachen, die Familie und das Zusammensein zu feiern. Leckerer Fisch darf da nicht fehlen! Au\u00dferdem hatten unsere Minik\u00f6che unbedingt den Wunsch, auch \u201eetwas f\u00fcrs Auge\u201c zu machen. Lassen Sie sich \u00fcberraschen, was die pfiffigen Nachwuchsk\u00f6chinnen und -k\u00f6che gezaubert haben!<\/p>\n\n\n\n<figure class=\"wp-block-image size-large\"><img loading=\"lazy\" decoding=\"async\" width=\"1024\" height=\"345\" src=\"https:\/\/www.jungborn.de\/blog\/wp-content\/uploads\/2026\/01\/Europa_Minikoeche_Logo-1024x345.jpg\" alt=\"Logo Europa Minik\u00f6che\" class=\"wp-image-7269\" srcset=\"https:\/\/www.jungborn.de\/blog\/wp-content\/uploads\/2026\/01\/Europa_Minikoeche_Logo-1024x345.jpg 1024w, https:\/\/www.jungborn.de\/blog\/wp-content\/uploads\/2026\/01\/Europa_Minikoeche_Logo-300x101.jpg 300w, https:\/\/www.jungborn.de\/blog\/wp-content\/uploads\/2026\/01\/Europa_Minikoeche_Logo-768x259.jpg 768w, https:\/\/www.jungborn.de\/blog\/wp-content\/uploads\/2026\/01\/Europa_Minikoeche_Logo-380x128.jpg 380w, https:\/\/www.jungborn.de\/blog\/wp-content\/uploads\/2026\/01\/Europa_Minikoeche_Logo-800x270.jpg 800w, https:\/\/www.jungborn.de\/blog\/wp-content\/uploads\/2026\/01\/Europa_Minikoeche_Logo-1160x391.jpg 1160w, https:\/\/www.jungborn.de\/blog\/wp-content\/uploads\/2026\/01\/Europa_Minikoeche_Logo-640x216.jpg 640w, https:\/\/www.jungborn.de\/blog\/wp-content\/uploads\/2026\/01\/Europa_Minikoeche_Logo.jpg 1181w\" sizes=\"auto, (max-width: 1024px) 100vw, 1024px\" \/><\/figure>\n\n\n\n<h2 id=\"aal-tartar-mit-apfel-auf-pumpernickel\" class=\"wp-block-heading\">Aal-Tartar mit Apfel auf Pumpernickel<\/h2>\n\n\n\n<figure class=\"wp-block-image size-large\"><img loading=\"lazy\" decoding=\"async\" width=\"819\" height=\"1024\" src=\"https:\/\/www.jungborn.de\/blog\/wp-content\/uploads\/2026\/03\/Aal_Tatar_Apfel_Pumpernickel-819x1024.jpg\" alt=\"\" class=\"wp-image-7532\" srcset=\"https:\/\/www.jungborn.de\/blog\/wp-content\/uploads\/2026\/03\/Aal_Tatar_Apfel_Pumpernickel-819x1024.jpg 819w, https:\/\/www.jungborn.de\/blog\/wp-content\/uploads\/2026\/03\/Aal_Tatar_Apfel_Pumpernickel-240x300.jpg 240w, https:\/\/www.jungborn.de\/blog\/wp-content\/uploads\/2026\/03\/Aal_Tatar_Apfel_Pumpernickel-768x960.jpg 768w, https:\/\/www.jungborn.de\/blog\/wp-content\/uploads\/2026\/03\/Aal_Tatar_Apfel_Pumpernickel-380x475.jpg 380w, https:\/\/www.jungborn.de\/blog\/wp-content\/uploads\/2026\/03\/Aal_Tatar_Apfel_Pumpernickel-800x1000.jpg 800w, https:\/\/www.jungborn.de\/blog\/wp-content\/uploads\/2026\/03\/Aal_Tatar_Apfel_Pumpernickel-640x800.jpg 640w, https:\/\/www.jungborn.de\/blog\/wp-content\/uploads\/2026\/03\/Aal_Tatar_Apfel_Pumpernickel.jpg 1080w\" sizes=\"auto, (max-width: 819px) 100vw, 819px\" \/><\/figure>\n\n\n\n<h3 id=\"zutaten-fuer-4-taler\" class=\"wp-block-heading\">Zutaten f\u00fcr 4 Taler:<\/h3>\n\n\n\n<figure class=\"wp-block-table\"><table><tbody><tr><td>8<\/td><td>Pumpernickel-Taler (z. B.  <a href=\"https:\/\/www.jungborn.de\/gourmet-vollkorn-rolle-jungborn-102236\/\" type=\"link\" id=\"https:\/\/www.jungborn.de\/gourmet-vollkorn-rolle-jungborn-102236\/\" target=\"_blank\" rel=\"noreferrer noopener\">Gourmet Vollkorn Rolle<\/a> )<\/td><\/tr><tr><td>150 g<\/td><td><a href=\"https:\/\/www.jungborn.de\/aalfilet-fiedler-885085\/\" type=\"link\" id=\"https:\/\/www.jungborn.de\/aalfilet-fiedler-885085\/\" target=\"_blank\" rel=\"noreferrer noopener\">Aalfilet<\/a><\/td><\/tr><tr><td>4<\/td><td>Saure Gurken (und etwas Gurkenwasser)<\/td><\/tr><tr><td>Etwas<\/td><td>Schnittlauch<\/td><\/tr><tr><td>Etwas<\/td><td>Zitronensaft<\/td><\/tr><tr><td>1 EL<\/td><td>Cr\u00e9me fra\u00eeche<\/td><\/tr><tr><td>Etwas<\/td><td>Salz und Pfeffer<\/td><\/tr><tr><td>1 kleiner<\/td><td>Apfel<\/td><\/tr><\/tbody><\/table><\/figure>\n\n\n\n<h3 id=\"zubereitung\" class=\"wp-block-heading\">Zubereitung:<\/h3>\n\n\n\n<ol class=\"wp-block-list\">\n<li>150 g Aalfilet grob hacken. <\/li>\n\n\n\n<li>1 kleinen Apfel, 4 saure Gurken und Schnittlauch in sehr kleine St\u00fcckchen schneiden. <\/li>\n\n\n\n<li>Mit etwas Zitronensaft, 1 Spritzer Gurkenwasser und 1 L\u00f6ffel Cr\u00e8me fra\u00eeche anmachen und mit Salz &amp; Pfeffer abschmecken. <\/li>\n\n\n\n<li>Ca. 2 Stunden im K\u00fchlschrank durchziehen lassen<\/li>\n\n\n\n<li>Auf die Brottaler verteilen und nach Wunsch garnieren.<\/li>\n<\/ol>\n\n\n\n<h2 id=\"gefuellte-eier-kueken\" class=\"wp-block-heading\">Gef\u00fcllte Eier-K\u00fcken<\/h2>\n\n\n\n<figure class=\"wp-block-image size-large\"><img loading=\"lazy\" decoding=\"async\" width=\"819\" height=\"1024\" src=\"https:\/\/www.jungborn.de\/blog\/wp-content\/uploads\/2026\/03\/Gefuellte_Eier-819x1024.jpg\" alt=\"Gekochte Eier gef\u00fcllt mit Eigelb, Senf, Frischk\u00e4se etc.\" class=\"wp-image-7533\" srcset=\"https:\/\/www.jungborn.de\/blog\/wp-content\/uploads\/2026\/03\/Gefuellte_Eier-819x1024.jpg 819w, https:\/\/www.jungborn.de\/blog\/wp-content\/uploads\/2026\/03\/Gefuellte_Eier-240x300.jpg 240w, https:\/\/www.jungborn.de\/blog\/wp-content\/uploads\/2026\/03\/Gefuellte_Eier-768x960.jpg 768w, https:\/\/www.jungborn.de\/blog\/wp-content\/uploads\/2026\/03\/Gefuellte_Eier-380x475.jpg 380w, https:\/\/www.jungborn.de\/blog\/wp-content\/uploads\/2026\/03\/Gefuellte_Eier-800x1000.jpg 800w, https:\/\/www.jungborn.de\/blog\/wp-content\/uploads\/2026\/03\/Gefuellte_Eier-640x800.jpg 640w, https:\/\/www.jungborn.de\/blog\/wp-content\/uploads\/2026\/03\/Gefuellte_Eier.jpg 1080w\" sizes=\"auto, (max-width: 819px) 100vw, 819px\" \/><figcaption class=\"wp-element-caption\">Foto: Adobe Stock \/ anna_shepulova<\/figcaption><\/figure>\n\n\n\n<h3 id=\"zutaten-fuer-6-stueck\" class=\"wp-block-heading\">Zutaten f\u00fcr 6 St\u00fcck:<\/h3>\n\n\n\n<figure class=\"wp-block-table\"><table><tbody><tr><td>6<\/td><td>Eier<\/td><\/tr><tr><td>Etwas<\/td><td>Frischk\u00e4se<\/td><\/tr><tr><td>Etwas<\/td><td>Senf z.B. den <a href=\"https:\/\/www.jungborn.de\/baerlauch-senf-gut-kampen-108945\/\" type=\"link\" id=\"https:\/\/www.jungborn.de\/baerlauch-senf-gut-kampen-108945\/\" target=\"_blank\" rel=\"noreferrer noopener\">B\u00e4rlauch-Senf von Gut Kampen<\/a><\/td><\/tr><tr><td>Etwas<\/td><td>Zitronensaft<\/td><\/tr><tr><td>1 Prise<\/td><td>Pfeffer<\/td><\/tr><tr><td>1 Spritzer<\/td><td>Worcestershiresauce<\/td><\/tr><tr><td>12 ganze<\/td><td>Pfefferk\u00f6rner<\/td><\/tr><tr><td>6<\/td><td>Karotten- oder Paprikast\u00fcckchen<\/td><\/tr><\/tbody><\/table><\/figure>\n\n\n\n<h3 id=\"zubereitung-2\" class=\"wp-block-heading\">Zubereitung:<\/h3>\n\n\n\n<ol class=\"wp-block-list\">\n<li><\/li>\n<\/ol>\n\n\n\n<ol class=\"wp-block-list\">\n<li>Eier hart kochen. Die Eier pellen, das obere Drittel abschneiden und das Eigelb entfernen.<\/li>\n\n\n\n<li> Bei der Eiwei\u00dfh\u00fclle vorsichtig oben und unten Zacken herausschneiden. <\/li>\n\n\n\n<li>Eigelb mit Frischk\u00e4se, Senf, etwas Zitronensaft, kr\u00e4ftig Pfeffer und Worcestershiresauce zu einer glatten Masse verr\u00fchren. <\/li>\n\n\n\n<li>Die Eigelbmasse entweder im Spritzbeutel oder mit dem L\u00f6ffel in die Eier f\u00fcllen und den Deckel oben daraufsetzen.<\/li>\n\n\n\n<li>Je 2 Pfefferk\u00f6rner als Augen und ein St\u00fcckchen Karotte oder rote Paprika als Schnabel in die Masse dr\u00fccken. Fertig!<\/li>\n<\/ol>\n\n\n\n<p>Jungborn und die Minik\u00f6che w\u00fcnschen frohe Osten und viel Spa\u00df bei den Oster-Vorbereitungen!<\/p>\n\n\n\n<figure class=\"wp-block-image size-full\"><img loading=\"lazy\" decoding=\"async\" width=\"1600\" height=\"1200\" src=\"https:\/\/www.jungborn.de\/blog\/wp-content\/uploads\/2026\/03\/Jungborn-Vester-Minikoeche-2481.jpg\" alt=\"3 M\u00e4dchen der Minik\u00f6che\" class=\"wp-image-7561\" srcset=\"https:\/\/www.jungborn.de\/blog\/wp-content\/uploads\/2026\/03\/Jungborn-Vester-Minikoeche-2481.jpg 1600w, https:\/\/www.jungborn.de\/blog\/wp-content\/uploads\/2026\/03\/Jungborn-Vester-Minikoeche-2481-300x225.jpg 300w, https:\/\/www.jungborn.de\/blog\/wp-content\/uploads\/2026\/03\/Jungborn-Vester-Minikoeche-2481-1024x768.jpg 1024w, https:\/\/www.jungborn.de\/blog\/wp-content\/uploads\/2026\/03\/Jungborn-Vester-Minikoeche-2481-768x576.jpg 768w, https:\/\/www.jungborn.de\/blog\/wp-content\/uploads\/2026\/03\/Jungborn-Vester-Minikoeche-2481-1536x1152.jpg 1536w, https:\/\/www.jungborn.de\/blog\/wp-content\/uploads\/2026\/03\/Jungborn-Vester-Minikoeche-2481-380x285.jpg 380w, https:\/\/www.jungborn.de\/blog\/wp-content\/uploads\/2026\/03\/Jungborn-Vester-Minikoeche-2481-800x600.jpg 800w, https:\/\/www.jungborn.de\/blog\/wp-content\/uploads\/2026\/03\/Jungborn-Vester-Minikoeche-2481-1160x870.jpg 1160w, https:\/\/www.jungborn.de\/blog\/wp-content\/uploads\/2026\/03\/Jungborn-Vester-Minikoeche-2481-640x480.jpg 640w\" sizes=\"auto, (max-width: 1600px) 100vw, 1600px\" \/><figcaption class=\"wp-element-caption\">Foto: Ruppografie &#8211; Nadine Rupp<\/figcaption><\/figure>\n\n\n\n<h2 id=\"jungborn-die-minikoeche-ein-rezept-fuer-gutes-essen\" class=\"wp-block-heading\">Jungborn &amp; die Minik\u00f6che \u2013 ein Rezept f\u00fcr gutes Essen!<\/h2>\n\n\n\n<p>Die <em>Europa Minik\u00f6che gGmbH<\/em> ist eine Initiative des Deutschen Hotel- und Gastst\u00e4ttenverbandes und f\u00fchrt seit \u00fcber 35 Jahren kreative Kochworkshops mit Kindern im Alter von 10 bis 12 Jahren in gastgewerblichen Betrieben durch. Dabei wird den Kindern das Wissen \u00fcber Ern\u00e4hrung, Gesundheit, Kochen und Gastfreundschaft spielerisch n\u00e4hergebracht.<\/p>\n\n\n\n<p>Dieses Engagement begleitet Jungborn mit vielen Aktionen und Spenden. F\u00fcr uns ist es eine Ehre, dass wir die flei\u00dfigen Nachwuchsk\u00f6chinnen und -k\u00f6che in unserem 95. Jubil\u00e4umsjahr unterst\u00fctzen d\u00fcrfen und damit einen kleinen Beitrag f\u00fcr mehr Bildung und Gemeinschaft leisten k\u00f6nnen. So finden unsere Kundinnen und -Kunden in unserem Katalog ausgew\u00e4hlte Produkte, bei deren Kauf wir f\u00fcnf Prozent an die <em>Minik\u00f6che <\/em>spenden.<\/p>\n\n\n\n<figure class=\"wp-block-image size-medium\"><img loading=\"lazy\" decoding=\"async\" width=\"300\" height=\"200\" src=\"https:\/\/www.jungborn.de\/blog\/wp-content\/uploads\/2026\/01\/Spendenbutton_Europa_Minikoeche-Jungborn-300x200.jpg\" alt=\"Spendenbutton f\u00fcr die Jungborn Aktion &quot;Minik\u00f6che&quot;\" class=\"wp-image-7295\" srcset=\"https:\/\/www.jungborn.de\/blog\/wp-content\/uploads\/2026\/01\/Spendenbutton_Europa_Minikoeche-Jungborn-300x200.jpg 300w, https:\/\/www.jungborn.de\/blog\/wp-content\/uploads\/2026\/01\/Spendenbutton_Europa_Minikoeche-Jungborn-380x253.jpg 380w, https:\/\/www.jungborn.de\/blog\/wp-content\/uploads\/2026\/01\/Spendenbutton_Europa_Minikoeche-Jungborn-640x427.jpg 640w, https:\/\/www.jungborn.de\/blog\/wp-content\/uploads\/2026\/01\/Spendenbutton_Europa_Minikoeche-Jungborn-272x182.jpg 272w, https:\/\/www.jungborn.de\/blog\/wp-content\/uploads\/2026\/01\/Spendenbutton_Europa_Minikoeche-Jungborn.jpg 762w\" sizes=\"auto, (max-width: 300px) 100vw, 300px\" \/><\/figure>\n\n\n\n<p>Weitere Rezepte der <em>Minik\u00f6che<a href=\"https:\/\/www.jungborn.de\/blog\/category\/rezepte\/europa-minikoeche-rezepte\/\"> <\/a><\/em><a href=\"https:\/\/www.jungborn.de\/blog\/category\/rezepte\/kochen-mit-den-minikoechen\/\">finden Sie unter \u201eRezepte\u201c hier.<\/a><\/p>\n\n\n\n<p>Erfahren Sie <a href=\"https:\/\/www.jungborn.de\/blog\/category\/ueber-jungborn\/europa-minikoeche-ueber-jungborn\/\">mehr \u00fcber unser Engagement bei den <em>Minik\u00f6chen<\/em>.<\/a><\/p>\n\n\n\n<figure class=\"wp-block-image size-large\"><a href=\"https:\/\/www.jungborn.de\/jubilaeum\/\" target=\"_blank\" rel=\" noreferrer noopener\"><img loading=\"lazy\" decoding=\"async\" width=\"1024\" height=\"195\" src=\"https:\/\/www.jungborn.de\/blog\/wp-content\/uploads\/2026\/01\/Jubliaeumsangebote-Teaser-2026-1024x195.jpg\" alt=\"\" class=\"wp-image-7347\" srcset=\"https:\/\/www.jungborn.de\/blog\/wp-content\/uploads\/2026\/01\/Jubliaeumsangebote-Teaser-2026-1024x195.jpg 1024w, https:\/\/www.jungborn.de\/blog\/wp-content\/uploads\/2026\/01\/Jubliaeumsangebote-Teaser-2026-300x57.jpg 300w, https:\/\/www.jungborn.de\/blog\/wp-content\/uploads\/2026\/01\/Jubliaeumsangebote-Teaser-2026-768x146.jpg 768w, https:\/\/www.jungborn.de\/blog\/wp-content\/uploads\/2026\/01\/Jubliaeumsangebote-Teaser-2026-1536x292.jpg 1536w, https:\/\/www.jungborn.de\/blog\/wp-content\/uploads\/2026\/01\/Jubliaeumsangebote-Teaser-2026-380x72.jpg 380w, https:\/\/www.jungborn.de\/blog\/wp-content\/uploads\/2026\/01\/Jubliaeumsangebote-Teaser-2026-800x152.jpg 800w, https:\/\/www.jungborn.de\/blog\/wp-content\/uploads\/2026\/01\/Jubliaeumsangebote-Teaser-2026-1160x220.jpg 1160w, https:\/\/www.jungborn.de\/blog\/wp-content\/uploads\/2026\/01\/Jubliaeumsangebote-Teaser-2026-640x122.jpg 640w, https:\/\/www.jungborn.de\/blog\/wp-content\/uploads\/2026\/01\/Jubliaeumsangebote-Teaser-2026.jpg 2000w\" sizes=\"auto, (max-width: 1024px) 100vw, 1024px\" \/><\/a><figcaption class=\"wp-element-caption\">Genuss seit 1931 \u2013 Zeit zum Jubeln: mit <a href=\"https:\/\/www.jungborn.de\/jubilaeum\/\" target=\"_blank\" rel=\"noreferrer noopener\">Gewinnspielen, tollen Angeboten und vielen Jubil\u00e4umspreisen!<\/a><\/figcaption><\/figure>\n\n\n\n<p><\/p>\n","protected":false},"excerpt":{"rendered":"Ein Oster-Brunch hat Tradition: Nach der Fastenzeit kommt man Ostersonntag in ungezwungener Runde zusammen, um mit k\u00f6stlichen Speisen&hellip;\n","protected":false},"author":13,"featured_media":7534,"comment_status":"open","ping_status":"open","sticky":false,"template":"","format":"standard","meta":{"footnotes":""},"categories":[286,713,490],"tags":[728,560,680,26,384],"class_list":{"0":"post-7531","1":"post","2":"type-post","3":"status-publish","4":"format-standard","5":"has-post-thumbnail","7":"category-aktuelles","8":"category-kochen-mit-den-minikoechen","9":"category-rezepte-zu-ostern","10":"tag-ideen","11":"tag-kreativ","12":"tag-minikoeche","13":"tag-ostern","14":"tag-rezept"},"yoast_head":"<!-- This site is optimized with the Yoast SEO plugin v27.2 - https:\/\/yoast.com\/product\/yoast-seo-wordpress\/ -->\n<title>Oster-Brunch mit Aal-Tartar &amp; gef\u00fcllten Eiern - Jungborn Blog \u2026hat immer etwas Besonderes<\/title>\n<meta name=\"description\" content=\"Ein Oster-Brunch hat Tradition: Am Ostersonntag kommt man in ungezwungener Runde zusammen, um mit Aal-Tartar und gef\u00fcllten Eiern\" \/>\n<meta name=\"robots\" content=\"index, follow, max-snippet:-1, max-image-preview:large, max-video-preview:-1\" \/>\n<link rel=\"canonical\" href=\"https:\/\/www.jungborn.de\/blog\/oster-brunch-mit-aal-tartar-gefuellten-eiern\/\" \/>\n<meta property=\"og:locale\" content=\"de_DE\" \/>\n<meta property=\"og:type\" content=\"article\" \/>\n<meta property=\"og:title\" content=\"Oster-Brunch mit Aal-Tartar &amp; gef\u00fcllten Eiern - Jungborn Blog \u2026hat immer etwas Besonderes\" \/>\n<meta property=\"og:description\" content=\"Ein Oster-Brunch hat Tradition: Am Ostersonntag kommt man in ungezwungener Runde zusammen, um mit Aal-Tartar und gef\u00fcllten Eiern\" \/>\n<meta property=\"og:url\" content=\"https:\/\/www.jungborn.de\/blog\/oster-brunch-mit-aal-tartar-gefuellten-eiern\/\" \/>\n<meta property=\"og:site_name\" content=\"Jungborn Blog \u2026hat immer etwas Besonderes\" \/>\n<meta property=\"article:published_time\" content=\"2026-03-10T14:03:54+00:00\" \/>\n<meta property=\"article:modified_time\" content=\"2026-04-23T10:39:09+00:00\" \/>\n<meta property=\"og:image\" content=\"https:\/\/www.jungborn.de\/blog\/wp-content\/uploads\/2026\/03\/Ostertisch.jpg\" \/>\n\t<meta property=\"og:image:width\" content=\"1200\" \/>\n\t<meta property=\"og:image:height\" content=\"1600\" \/>\n\t<meta property=\"og:image:type\" content=\"image\/jpeg\" \/>\n<meta name=\"author\" content=\"Elias Bortel\" \/>\n<meta name=\"twitter:card\" content=\"summary_large_image\" \/>\n<meta name=\"twitter:label1\" content=\"Verfasst von\" \/>\n\t<meta name=\"twitter:data1\" content=\"Elias Bortel\" \/>\n\t<meta name=\"twitter:label2\" content=\"Gesch\u00e4tzte Lesezeit\" \/>\n\t<meta name=\"twitter:data2\" content=\"4\u00a0Minuten\" \/>\n<script type=\"application\/ld+json\" class=\"yoast-schema-graph\">{\"@context\":\"https:\/\/schema.org\",\"@graph\":[{\"@type\":\"Article\",\"@id\":\"https:\/\/www.jungborn.de\/blog\/oster-brunch-mit-aal-tartar-gefuellten-eiern\/#article\",\"isPartOf\":{\"@id\":\"https:\/\/www.jungborn.de\/blog\/oster-brunch-mit-aal-tartar-gefuellten-eiern\/\"},\"author\":{\"name\":\"Elias Bortel\",\"@id\":\"https:\/\/www.jungborn.de\/blog\/#\/schema\/person\/adab51921725e39986fa0ca426ce03c4\"},\"headline\":\"Oster-Brunch mit Aal-Tartar &amp; gef\u00fcllten Eiern\",\"datePublished\":\"2026-03-10T14:03:54+00:00\",\"dateModified\":\"2026-04-23T10:39:09+00:00\",\"mainEntityOfPage\":{\"@id\":\"https:\/\/www.jungborn.de\/blog\/oster-brunch-mit-aal-tartar-gefuellten-eiern\/\"},\"wordCount\":471,\"commentCount\":0,\"image\":{\"@id\":\"https:\/\/www.jungborn.de\/blog\/oster-brunch-mit-aal-tartar-gefuellten-eiern\/#primaryimage\"},\"thumbnailUrl\":\"https:\/\/www.jungborn.de\/blog\/wp-content\/uploads\/2026\/03\/Ostertisch.jpg\",\"keywords\":[\"ideen\",\"Kreativ\",\"Minik\u00f6che\",\"Ostern\",\"Rezept\"],\"articleSection\":[\"Aktuelles\",\"Kochen mit den Minik\u00f6chen\",\"Rezepte zu Ostern\"],\"inLanguage\":\"de\",\"potentialAction\":[{\"@type\":\"CommentAction\",\"name\":\"Comment\",\"target\":[\"https:\/\/www.jungborn.de\/blog\/oster-brunch-mit-aal-tartar-gefuellten-eiern\/#respond\"]}]},{\"@type\":\"WebPage\",\"@id\":\"https:\/\/www.jungborn.de\/blog\/oster-brunch-mit-aal-tartar-gefuellten-eiern\/\",\"url\":\"https:\/\/www.jungborn.de\/blog\/oster-brunch-mit-aal-tartar-gefuellten-eiern\/\",\"name\":\"Oster-Brunch mit Aal-Tartar &amp; gef\u00fcllten Eiern - Jungborn Blog \u2026hat immer etwas Besonderes\",\"isPartOf\":{\"@id\":\"https:\/\/www.jungborn.de\/blog\/#website\"},\"primaryImageOfPage\":{\"@id\":\"https:\/\/www.jungborn.de\/blog\/oster-brunch-mit-aal-tartar-gefuellten-eiern\/#primaryimage\"},\"image\":{\"@id\":\"https:\/\/www.jungborn.de\/blog\/oster-brunch-mit-aal-tartar-gefuellten-eiern\/#primaryimage\"},\"thumbnailUrl\":\"https:\/\/www.jungborn.de\/blog\/wp-content\/uploads\/2026\/03\/Ostertisch.jpg\",\"datePublished\":\"2026-03-10T14:03:54+00:00\",\"dateModified\":\"2026-04-23T10:39:09+00:00\",\"author\":{\"@id\":\"https:\/\/www.jungborn.de\/blog\/#\/schema\/person\/adab51921725e39986fa0ca426ce03c4\"},\"description\":\"Ein Oster-Brunch hat Tradition: Am Ostersonntag kommt man in ungezwungener Runde zusammen, um mit Aal-Tartar und gef\u00fcllten Eiern\",\"breadcrumb\":{\"@id\":\"https:\/\/www.jungborn.de\/blog\/oster-brunch-mit-aal-tartar-gefuellten-eiern\/#breadcrumb\"},\"inLanguage\":\"de\",\"potentialAction\":[{\"@type\":\"ReadAction\",\"target\":[\"https:\/\/www.jungborn.de\/blog\/oster-brunch-mit-aal-tartar-gefuellten-eiern\/\"]}]},{\"@type\":\"ImageObject\",\"inLanguage\":\"de\",\"@id\":\"https:\/\/www.jungborn.de\/blog\/oster-brunch-mit-aal-tartar-gefuellten-eiern\/#primaryimage\",\"url\":\"https:\/\/www.jungborn.de\/blog\/wp-content\/uploads\/2026\/03\/Ostertisch.jpg\",\"contentUrl\":\"https:\/\/www.jungborn.de\/blog\/wp-content\/uploads\/2026\/03\/Ostertisch.jpg\",\"width\":1200,\"height\":1600,\"caption\":\"Gedeckter Ostertisch mit Tartars und Eiern\"},{\"@type\":\"BreadcrumbList\",\"@id\":\"https:\/\/www.jungborn.de\/blog\/oster-brunch-mit-aal-tartar-gefuellten-eiern\/#breadcrumb\",\"itemListElement\":[{\"@type\":\"ListItem\",\"position\":1,\"name\":\"Startseite\",\"item\":\"https:\/\/www.jungborn.de\/blog\/\"},{\"@type\":\"ListItem\",\"position\":2,\"name\":\"Oster-Brunch mit Aal-Tartar &amp; gef\u00fcllten Eiern\"}]},{\"@type\":\"WebSite\",\"@id\":\"https:\/\/www.jungborn.de\/blog\/#website\",\"url\":\"https:\/\/www.jungborn.de\/blog\/\",\"name\":\"Jungborn Blog \u2026hat immer etwas Besonderes\",\"description\":\"\",\"potentialAction\":[{\"@type\":\"SearchAction\",\"target\":{\"@type\":\"EntryPoint\",\"urlTemplate\":\"https:\/\/www.jungborn.de\/blog\/?s={search_term_string}\"},\"query-input\":{\"@type\":\"PropertyValueSpecification\",\"valueRequired\":true,\"valueName\":\"search_term_string\"}}],\"inLanguage\":\"de\"},{\"@type\":\"Person\",\"@id\":\"https:\/\/www.jungborn.de\/blog\/#\/schema\/person\/adab51921725e39986fa0ca426ce03c4\",\"name\":\"Elias Bortel\",\"image\":{\"@type\":\"ImageObject\",\"inLanguage\":\"de\",\"@id\":\"https:\/\/secure.gravatar.com\/avatar\/dd569887fbc3bdb553309ee09fc65651ddf5fd5021b551fedd3b115e80681e4a?s=96&d=mm&r=g\",\"url\":\"https:\/\/secure.gravatar.com\/avatar\/dd569887fbc3bdb553309ee09fc65651ddf5fd5021b551fedd3b115e80681e4a?s=96&d=mm&r=g\",\"contentUrl\":\"https:\/\/secure.gravatar.com\/avatar\/dd569887fbc3bdb553309ee09fc65651ddf5fd5021b551fedd3b115e80681e4a?s=96&d=mm&r=g\",\"caption\":\"Elias Bortel\"},\"url\":\"https:\/\/www.jungborn.de\/blog\/author\/elias-borteljungborn-de\/\"}]}<\/script>\n<!-- \/ Yoast SEO plugin. -->","yoast_head_json":{"title":"Oster-Brunch mit Aal-Tartar &amp; gef\u00fcllten Eiern - Jungborn Blog \u2026hat immer etwas Besonderes","description":"Ein Oster-Brunch hat Tradition: Am Ostersonntag kommt man in ungezwungener Runde zusammen, um mit Aal-Tartar und gef\u00fcllten Eiern","robots":{"index":"index","follow":"follow","max-snippet":"max-snippet:-1","max-image-preview":"max-image-preview:large","max-video-preview":"max-video-preview:-1"},"canonical":"https:\/\/www.jungborn.de\/blog\/oster-brunch-mit-aal-tartar-gefuellten-eiern\/","og_locale":"de_DE","og_type":"article","og_title":"Oster-Brunch mit Aal-Tartar &amp; gef\u00fcllten Eiern - Jungborn Blog \u2026hat immer etwas Besonderes","og_description":"Ein Oster-Brunch hat Tradition: Am Ostersonntag kommt man in ungezwungener Runde zusammen, um mit Aal-Tartar und gef\u00fcllten Eiern","og_url":"https:\/\/www.jungborn.de\/blog\/oster-brunch-mit-aal-tartar-gefuellten-eiern\/","og_site_name":"Jungborn Blog \u2026hat immer etwas Besonderes","article_published_time":"2026-03-10T14:03:54+00:00","article_modified_time":"2026-04-23T10:39:09+00:00","og_image":[{"width":1200,"height":1600,"url":"https:\/\/www.jungborn.de\/blog\/wp-content\/uploads\/2026\/03\/Ostertisch.jpg","type":"image\/jpeg"}],"author":"Elias Bortel","twitter_card":"summary_large_image","twitter_misc":{"Verfasst von":"Elias Bortel","Gesch\u00e4tzte Lesezeit":"4\u00a0Minuten"},"schema":{"@context":"https:\/\/schema.org","@graph":[{"@type":"Article","@id":"https:\/\/www.jungborn.de\/blog\/oster-brunch-mit-aal-tartar-gefuellten-eiern\/#article","isPartOf":{"@id":"https:\/\/www.jungborn.de\/blog\/oster-brunch-mit-aal-tartar-gefuellten-eiern\/"},"author":{"name":"Elias Bortel","@id":"https:\/\/www.jungborn.de\/blog\/#\/schema\/person\/adab51921725e39986fa0ca426ce03c4"},"headline":"Oster-Brunch mit Aal-Tartar &amp; gef\u00fcllten Eiern","datePublished":"2026-03-10T14:03:54+00:00","dateModified":"2026-04-23T10:39:09+00:00","mainEntityOfPage":{"@id":"https:\/\/www.jungborn.de\/blog\/oster-brunch-mit-aal-tartar-gefuellten-eiern\/"},"wordCount":471,"commentCount":0,"image":{"@id":"https:\/\/www.jungborn.de\/blog\/oster-brunch-mit-aal-tartar-gefuellten-eiern\/#primaryimage"},"thumbnailUrl":"https:\/\/www.jungborn.de\/blog\/wp-content\/uploads\/2026\/03\/Ostertisch.jpg","keywords":["ideen","Kreativ","Minik\u00f6che","Ostern","Rezept"],"articleSection":["Aktuelles","Kochen mit den Minik\u00f6chen","Rezepte zu Ostern"],"inLanguage":"de","potentialAction":[{"@type":"CommentAction","name":"Comment","target":["https:\/\/www.jungborn.de\/blog\/oster-brunch-mit-aal-tartar-gefuellten-eiern\/#respond"]}]},{"@type":"WebPage","@id":"https:\/\/www.jungborn.de\/blog\/oster-brunch-mit-aal-tartar-gefuellten-eiern\/","url":"https:\/\/www.jungborn.de\/blog\/oster-brunch-mit-aal-tartar-gefuellten-eiern\/","name":"Oster-Brunch mit Aal-Tartar &amp; gef\u00fcllten Eiern - Jungborn Blog \u2026hat immer etwas Besonderes","isPartOf":{"@id":"https:\/\/www.jungborn.de\/blog\/#website"},"primaryImageOfPage":{"@id":"https:\/\/www.jungborn.de\/blog\/oster-brunch-mit-aal-tartar-gefuellten-eiern\/#primaryimage"},"image":{"@id":"https:\/\/www.jungborn.de\/blog\/oster-brunch-mit-aal-tartar-gefuellten-eiern\/#primaryimage"},"thumbnailUrl":"https:\/\/www.jungborn.de\/blog\/wp-content\/uploads\/2026\/03\/Ostertisch.jpg","datePublished":"2026-03-10T14:03:54+00:00","dateModified":"2026-04-23T10:39:09+00:00","author":{"@id":"https:\/\/www.jungborn.de\/blog\/#\/schema\/person\/adab51921725e39986fa0ca426ce03c4"},"description":"Ein Oster-Brunch hat Tradition: Am Ostersonntag kommt man in ungezwungener Runde zusammen, um mit Aal-Tartar und gef\u00fcllten Eiern","breadcrumb":{"@id":"https:\/\/www.jungborn.de\/blog\/oster-brunch-mit-aal-tartar-gefuellten-eiern\/#breadcrumb"},"inLanguage":"de","potentialAction":[{"@type":"ReadAction","target":["https:\/\/www.jungborn.de\/blog\/oster-brunch-mit-aal-tartar-gefuellten-eiern\/"]}]},{"@type":"ImageObject","inLanguage":"de","@id":"https:\/\/www.jungborn.de\/blog\/oster-brunch-mit-aal-tartar-gefuellten-eiern\/#primaryimage","url":"https:\/\/www.jungborn.de\/blog\/wp-content\/uploads\/2026\/03\/Ostertisch.jpg","contentUrl":"https:\/\/www.jungborn.de\/blog\/wp-content\/uploads\/2026\/03\/Ostertisch.jpg","width":1200,"height":1600,"caption":"Gedeckter Ostertisch mit Tartars und Eiern"},{"@type":"BreadcrumbList","@id":"https:\/\/www.jungborn.de\/blog\/oster-brunch-mit-aal-tartar-gefuellten-eiern\/#breadcrumb","itemListElement":[{"@type":"ListItem","position":1,"name":"Startseite","item":"https:\/\/www.jungborn.de\/blog\/"},{"@type":"ListItem","position":2,"name":"Oster-Brunch mit Aal-Tartar &amp; gef\u00fcllten Eiern"}]},{"@type":"WebSite","@id":"https:\/\/www.jungborn.de\/blog\/#website","url":"https:\/\/www.jungborn.de\/blog\/","name":"Jungborn Blog \u2026hat immer etwas Besonderes","description":"","potentialAction":[{"@type":"SearchAction","target":{"@type":"EntryPoint","urlTemplate":"https:\/\/www.jungborn.de\/blog\/?s={search_term_string}"},"query-input":{"@type":"PropertyValueSpecification","valueRequired":true,"valueName":"search_term_string"}}],"inLanguage":"de"},{"@type":"Person","@id":"https:\/\/www.jungborn.de\/blog\/#\/schema\/person\/adab51921725e39986fa0ca426ce03c4","name":"Elias Bortel","image":{"@type":"ImageObject","inLanguage":"de","@id":"https:\/\/secure.gravatar.com\/avatar\/dd569887fbc3bdb553309ee09fc65651ddf5fd5021b551fedd3b115e80681e4a?s=96&d=mm&r=g","url":"https:\/\/secure.gravatar.com\/avatar\/dd569887fbc3bdb553309ee09fc65651ddf5fd5021b551fedd3b115e80681e4a?s=96&d=mm&r=g","contentUrl":"https:\/\/secure.gravatar.com\/avatar\/dd569887fbc3bdb553309ee09fc65651ddf5fd5021b551fedd3b115e80681e4a?s=96&d=mm&r=g","caption":"Elias Bortel"},"url":"https:\/\/www.jungborn.de\/blog\/author\/elias-borteljungborn-de\/"}]}},"_links":{"self":[{"href":"https:\/\/www.jungborn.de\/blog\/wp-json\/wp\/v2\/posts\/7531","targetHints":{"allow":["GET"]}}],"collection":[{"href":"https:\/\/www.jungborn.de\/blog\/wp-json\/wp\/v2\/posts"}],"about":[{"href":"https:\/\/www.jungborn.de\/blog\/wp-json\/wp\/v2\/types\/post"}],"author":[{"embeddable":true,"href":"https:\/\/www.jungborn.de\/blog\/wp-json\/wp\/v2\/users\/13"}],"replies":[{"embeddable":true,"href":"https:\/\/www.jungborn.de\/blog\/wp-json\/wp\/v2\/comments?post=7531"}],"version-history":[{"count":7,"href":"https:\/\/www.jungborn.de\/blog\/wp-json\/wp\/v2\/posts\/7531\/revisions"}],"predecessor-version":[{"id":7714,"href":"https:\/\/www.jungborn.de\/blog\/wp-json\/wp\/v2\/posts\/7531\/revisions\/7714"}],"wp:featuredmedia":[{"embeddable":true,"href":"https:\/\/www.jungborn.de\/blog\/wp-json\/wp\/v2\/media\/7534"}],"wp:attachment":[{"href":"https:\/\/www.jungborn.de\/blog\/wp-json\/wp\/v2\/media?parent=7531"}],"wp:term":[{"taxonomy":"category","embeddable":true,"href":"https:\/\/www.jungborn.de\/blog\/wp-json\/wp\/v2\/categories?post=7531"},{"taxonomy":"post_tag","embeddable":true,"href":"https:\/\/www.jungborn.de\/blog\/wp-json\/wp\/v2\/tags?post=7531"}],"curies":[{"name":"wp","href":"https:\/\/api.w.org\/{rel}","templated":true}]}}