{"id":7168,"date":"2025-11-28T09:52:00","date_gmt":"2025-11-28T08:52:00","guid":{"rendered":"https:\/\/www.jungborn.de\/blog\/?p=7168"},"modified":"2025-12-04T17:42:53","modified_gmt":"2025-12-04T16:42:53","slug":"weihnachtsbaum-aus-zweigen","status":"publish","type":"post","link":"https:\/\/www.jungborn.de\/blog\/weihnachtsbaum-aus-zweigen\/","title":{"rendered":"Weihnachtsbaum aus Zweigen"},"content":{"rendered":"\n<h2 id=\"saskia-vesters-lieblingsdeko\" class=\"wp-block-heading\">Saskia Vesters Lieblingsdeko:<\/h2>\n\n\n\n<p>\u201eZu Weihnachten liebe ich ein bisschen Natur im Haus mit Zapfen, getrockneten Orangenscheiben und duftenden Zimtstangen \u2013 herrlich! Und der Tannenbaum aus Zweigen, den man \u00fcbrigens toll auch mit Kindern basteln kann, sieht jedes Jahr anders aus und kann bis Ostern h\u00e4ngen bleiben.\u201c<\/p>\n\n\n\n<figure class=\"wp-block-image size-large\"><img loading=\"lazy\" decoding=\"async\" width=\"1024\" height=\"709\" src=\"https:\/\/www.jungborn.de\/blog\/wp-content\/uploads\/2025\/04\/Button_Meine_Empfehlung_Saskia_Vester_v3-1024x709.png\" alt=\"\" class=\"wp-image-6263\" srcset=\"https:\/\/www.jungborn.de\/blog\/wp-content\/uploads\/2025\/04\/Button_Meine_Empfehlung_Saskia_Vester_v3-1024x709.png 1024w, https:\/\/www.jungborn.de\/blog\/wp-content\/uploads\/2025\/04\/Button_Meine_Empfehlung_Saskia_Vester_v3-300x208.png 300w, https:\/\/www.jungborn.de\/blog\/wp-content\/uploads\/2025\/04\/Button_Meine_Empfehlung_Saskia_Vester_v3-768x532.png 768w, https:\/\/www.jungborn.de\/blog\/wp-content\/uploads\/2025\/04\/Button_Meine_Empfehlung_Saskia_Vester_v3-380x263.png 380w, https:\/\/www.jungborn.de\/blog\/wp-content\/uploads\/2025\/04\/Button_Meine_Empfehlung_Saskia_Vester_v3-800x554.png 800w, https:\/\/www.jungborn.de\/blog\/wp-content\/uploads\/2025\/04\/Button_Meine_Empfehlung_Saskia_Vester_v3-1160x803.png 1160w, https:\/\/www.jungborn.de\/blog\/wp-content\/uploads\/2025\/04\/Button_Meine_Empfehlung_Saskia_Vester_v3-640x443.png 640w, https:\/\/www.jungborn.de\/blog\/wp-content\/uploads\/2025\/04\/Button_Meine_Empfehlung_Saskia_Vester_v3.png 1200w\" sizes=\"auto, (max-width: 1024px) 100vw, 1024px\" \/><\/figure>\n\n\n\n<h3 id=\"natuerlich-schoen-dekorativ\" class=\"wp-block-heading\">Nat\u00fcrlich sch\u00f6n &amp; dekorativ<\/h3>\n\n\n\n<figure class=\"wp-block-image size-full\"><img loading=\"lazy\" decoding=\"async\" width=\"1024\" height=\"768\" src=\"https:\/\/www.jungborn.de\/blog\/wp-content\/uploads\/2025\/11\/Deko_xmas_Baum_gebastelt_Utensilien.jpg\" alt=\"Baum gebastelt mit Utensilien\" class=\"wp-image-7170\" srcset=\"https:\/\/www.jungborn.de\/blog\/wp-content\/uploads\/2025\/11\/Deko_xmas_Baum_gebastelt_Utensilien.jpg 1024w, https:\/\/www.jungborn.de\/blog\/wp-content\/uploads\/2025\/11\/Deko_xmas_Baum_gebastelt_Utensilien-300x225.jpg 300w, https:\/\/www.jungborn.de\/blog\/wp-content\/uploads\/2025\/11\/Deko_xmas_Baum_gebastelt_Utensilien-768x576.jpg 768w, https:\/\/www.jungborn.de\/blog\/wp-content\/uploads\/2025\/11\/Deko_xmas_Baum_gebastelt_Utensilien-380x285.jpg 380w, https:\/\/www.jungborn.de\/blog\/wp-content\/uploads\/2025\/11\/Deko_xmas_Baum_gebastelt_Utensilien-800x600.jpg 800w, https:\/\/www.jungborn.de\/blog\/wp-content\/uploads\/2025\/11\/Deko_xmas_Baum_gebastelt_Utensilien-640x480.jpg 640w\" sizes=\"auto, (max-width: 1024px) 100vw, 1024px\" \/><figcaption class=\"wp-element-caption\">Foto: Adobe Stock \/ olly_plu<\/figcaption><\/figure>\n\n\n\n<h3 id=\"sie-benoetigen\" class=\"wp-block-heading\">Sie ben\u00f6tigen:<\/h3>\n\n\n\n<ul class=\"wp-block-list\">\n<li>6 bis 12 Naturzweige in unterschiedlichen L\u00e4ngen: W\u00e4hlen Sie nicht zu d\u00fcnne Zweige, je nachdem, was Sie daran aufh\u00e4ngen m\u00f6chten. Ob mit oder ohne Rinde entscheidet der Geschmack.<\/li>\n\n\n\n<li>1 Rolle grobes Paketband f\u00fcr den Natur-Look<\/li>\n\n\n\n<li>1 Schere und evtl. eine Astschere zum K\u00fcrzen der Zweige<\/li>\n\n\n\n<li>Deko nach Wunsch: Tannennadeln als Troddeln\/Quasten, kleine Schleifen aus Zierband, Strohsterne, Zapfen oder S\u00fc\u00dfigkeiten \u2013 lassen Sie Ihrer Kreativit\u00e4t freien Lauf.<\/li>\n<\/ul>\n\n\n\n<figure class=\"wp-block-image size-full\"><img loading=\"lazy\" decoding=\"async\" width=\"1024\" height=\"768\" src=\"https:\/\/www.jungborn.de\/blog\/wp-content\/uploads\/2025\/11\/Deko_xmas_Baum_gebastelt_Details.jpg\" alt=\"Details des Gebastelten Baums\" class=\"wp-image-7174\" srcset=\"https:\/\/www.jungborn.de\/blog\/wp-content\/uploads\/2025\/11\/Deko_xmas_Baum_gebastelt_Details.jpg 1024w, https:\/\/www.jungborn.de\/blog\/wp-content\/uploads\/2025\/11\/Deko_xmas_Baum_gebastelt_Details-300x225.jpg 300w, https:\/\/www.jungborn.de\/blog\/wp-content\/uploads\/2025\/11\/Deko_xmas_Baum_gebastelt_Details-768x576.jpg 768w, https:\/\/www.jungborn.de\/blog\/wp-content\/uploads\/2025\/11\/Deko_xmas_Baum_gebastelt_Details-380x285.jpg 380w, https:\/\/www.jungborn.de\/blog\/wp-content\/uploads\/2025\/11\/Deko_xmas_Baum_gebastelt_Details-800x600.jpg 800w, https:\/\/www.jungborn.de\/blog\/wp-content\/uploads\/2025\/11\/Deko_xmas_Baum_gebastelt_Details-640x480.jpg 640w\" sizes=\"auto, (max-width: 1024px) 100vw, 1024px\" \/><figcaption class=\"wp-element-caption\">Foto: Adobe Stock \/ Maria<\/figcaption><\/figure>\n\n\n\n<h3 id=\"so-gehts\" class=\"wp-block-heading\">So geht\u00b4s:<\/h3>\n\n\n\n<ol class=\"wp-block-list\">\n<li><\/li>\n<\/ol>\n\n\n\n<p>Die Zweige der Gr\u00f6\u00dfe nach sortieren, evtl. zuschneiden und im Abstand von 8 bis 10 cm so hinlegen, dass eine Pyramidenform entsteht. Jetzt mit 2 langen F\u00e4den von unten die Zweige nacheinander jeweils rechts und links umwickeln und mit einem Knoten fixieren. Oben angekommen mit beiden Enden der Kordel noch eine Schlaufe zum Aufh\u00e4nge knoten. Fertig! <\/p>\n\n\n\n<p>Jetzt k\u00f6nnen Sie den \u201eBaum\u201c nach Lust und Laune dekorieren und aufh\u00e4ngen.<\/p>\n\n\n\n<h2 id=\"mein-deko-tipp\" class=\"wp-block-heading\">Mein Deko-Tipp:<\/h2>\n\n\n\n<figure class=\"wp-block-image size-full\"><img loading=\"lazy\" decoding=\"async\" width=\"1024\" height=\"768\" src=\"https:\/\/www.jungborn.de\/blog\/wp-content\/uploads\/2025\/11\/Deko_xmas_Baum_Wollfaden_Detail.jpg\" alt=\"\" class=\"wp-image-7171\" srcset=\"https:\/\/www.jungborn.de\/blog\/wp-content\/uploads\/2025\/11\/Deko_xmas_Baum_Wollfaden_Detail.jpg 1024w, https:\/\/www.jungborn.de\/blog\/wp-content\/uploads\/2025\/11\/Deko_xmas_Baum_Wollfaden_Detail-300x225.jpg 300w, https:\/\/www.jungborn.de\/blog\/wp-content\/uploads\/2025\/11\/Deko_xmas_Baum_Wollfaden_Detail-768x576.jpg 768w, https:\/\/www.jungborn.de\/blog\/wp-content\/uploads\/2025\/11\/Deko_xmas_Baum_Wollfaden_Detail-380x285.jpg 380w, https:\/\/www.jungborn.de\/blog\/wp-content\/uploads\/2025\/11\/Deko_xmas_Baum_Wollfaden_Detail-800x600.jpg 800w, https:\/\/www.jungborn.de\/blog\/wp-content\/uploads\/2025\/11\/Deko_xmas_Baum_Wollfaden_Detail-640x480.jpg 640w\" sizes=\"auto, (max-width: 1024px) 100vw, 1024px\" \/><figcaption class=\"wp-element-caption\">Foto: Adobe Stock \/ shine.graphics<\/figcaption><\/figure>\n\n\n\n<p>Zaubern Sie Sterne, Tannenb\u00e4ume oder Engel im kuscheligen Woll-Mantel! Daf\u00fcr schneiden Sie die gew\u00fcnschten Formen einfach aus dickem Papier oder Karton aus und umwickeln sie kunstvoll mit den Wollf\u00e4den. Die F\u00e4den ein bisschen mit Kleber fixieren, an den Baum h\u00e4ngen oder stecken \u2013 so wird der gem\u00fctliche Natur-Look perfekt!<\/p>\n\n\n\n<p>Viel Spa\u00df beim Basteln w\u00fcnscht<\/p>\n\n\n\n<p>Ihre Saskia Vester<\/p>\n\n\n\n<figure class=\"wp-block-image size-full\"><a href=\"https:\/\/www.jungborn.de\/herzhaft-herzlich-das-kochbuch-von-saskia-vester-jungborn-107729\/\" target=\"_blank\" rel=\"noreferrer noopener\"><img loading=\"lazy\" decoding=\"async\" width=\"960\" height=\"425\" src=\"https:\/\/www.jungborn.de\/blog\/wp-content\/uploads\/2025\/04\/FS2025_JD6_Kochbuch_Saskia_Vester_1920x1920.jpg\" alt=\"\" class=\"wp-image-6305\" srcset=\"https:\/\/www.jungborn.de\/blog\/wp-content\/uploads\/2025\/04\/FS2025_JD6_Kochbuch_Saskia_Vester_1920x1920.jpg 960w, https:\/\/www.jungborn.de\/blog\/wp-content\/uploads\/2025\/04\/FS2025_JD6_Kochbuch_Saskia_Vester_1920x1920-300x133.jpg 300w, https:\/\/www.jungborn.de\/blog\/wp-content\/uploads\/2025\/04\/FS2025_JD6_Kochbuch_Saskia_Vester_1920x1920-768x340.jpg 768w, https:\/\/www.jungborn.de\/blog\/wp-content\/uploads\/2025\/04\/FS2025_JD6_Kochbuch_Saskia_Vester_1920x1920-380x168.jpg 380w, https:\/\/www.jungborn.de\/blog\/wp-content\/uploads\/2025\/04\/FS2025_JD6_Kochbuch_Saskia_Vester_1920x1920-800x354.jpg 800w, https:\/\/www.jungborn.de\/blog\/wp-content\/uploads\/2025\/04\/FS2025_JD6_Kochbuch_Saskia_Vester_1920x1920-640x283.jpg 640w\" sizes=\"auto, (max-width: 960px) 100vw, 960px\" \/><\/a><figcaption class=\"wp-element-caption\">Charmantes <a href=\"https:\/\/www.jungborn.de\/herzhaft-herzlich-das-kochbuch-von-saskia-vester-jungborn-107729\/\" target=\"_blank\" rel=\"noreferrer noopener\">Kochbuch mit Rezepten + Anekdoten<\/a> der sympathischen deutschen Schauspielerin Saskia Vester. Foto: Jungborn<\/figcaption><\/figure>\n\n\n\n<h2 id=\"zur-person-saskia-vester\" class=\"wp-block-heading\">Zur Person: Saskia Vester<\/h2>\n\n\n\n<figure class=\"wp-block-image size-large\"><a href=\"https:\/\/www.jungborn.de\/saskia-vesters-lieblingsprodukte\/\"><img loading=\"lazy\" decoding=\"async\" width=\"1024\" height=\"618\" src=\"https:\/\/www.jungborn.de\/blog\/wp-content\/uploads\/2024\/04\/Lieblingsprodukte_SaskiaVester_1280x773_neu-1024x618.jpg\" alt=\"Saskia Vester trinkt Jungborn Kaffee\" class=\"wp-image-5067\" srcset=\"https:\/\/www.jungborn.de\/blog\/wp-content\/uploads\/2024\/04\/Lieblingsprodukte_SaskiaVester_1280x773_neu-1024x618.jpg 1024w, https:\/\/www.jungborn.de\/blog\/wp-content\/uploads\/2024\/04\/Lieblingsprodukte_SaskiaVester_1280x773_neu-300x180.jpg 300w, https:\/\/www.jungborn.de\/blog\/wp-content\/uploads\/2024\/04\/Lieblingsprodukte_SaskiaVester_1280x773_neu-768x464.jpg 768w, https:\/\/www.jungborn.de\/blog\/wp-content\/uploads\/2024\/04\/Lieblingsprodukte_SaskiaVester_1280x773_neu-380x229.jpg 380w, https:\/\/www.jungborn.de\/blog\/wp-content\/uploads\/2024\/04\/Lieblingsprodukte_SaskiaVester_1280x773_neu-800x483.jpg 800w, https:\/\/www.jungborn.de\/blog\/wp-content\/uploads\/2024\/04\/Lieblingsprodukte_SaskiaVester_1280x773_neu-1160x701.jpg 1160w, https:\/\/www.jungborn.de\/blog\/wp-content\/uploads\/2024\/04\/Lieblingsprodukte_SaskiaVester_1280x773_neu-640x387.jpg 640w, https:\/\/www.jungborn.de\/blog\/wp-content\/uploads\/2024\/04\/Lieblingsprodukte_SaskiaVester_1280x773_neu.jpg 1280w\" sizes=\"auto, (max-width: 1024px) 100vw, 1024px\" \/><\/a><figcaption class=\"wp-element-caption\">Foto: Jungborn<\/figcaption><\/figure>\n\n\n\n<h2 id=\"sympathisch-engagiert\" class=\"wp-block-heading\">Sympathisch &amp; engagiert<\/h2>\n\n\n\n<p>&#8222;Ob \u201eTatort\u201c, das \u201eTraumschiff oder \u201eDas Kinderm\u00e4dchen\u201c, Saskia Vester ist eine der meistbesch\u00e4ftigten Schauspielerinnen Deutschlands und bekannt f\u00fcr ihre vielseitigen Rollen in Film, Fernsehen und Theater. F\u00fcr ihre Rolle&nbsp;<em>Kristin Bender<\/em>&nbsp;in \u201eKDD \u2013 Kriminaldauerdienst\u201c bekam sie u.a. den Bayerischen Fernsehpreis.<\/p>\n\n\n\n<p>Abseits ihrer schauspielerischen T\u00e4tigkeiten engagiert sich Saskia Vester auch sozial und politisch. Sie setzt sich f\u00fcr verschiedene wohlt\u00e4tige Zwecke ein (z. B. <a href=\"https:\/\/www.jungborn.de\/besuch-fruehstuecksklub-muenchen\/\" target=\"_blank\" rel=\"noreferrer noopener\">beim Fr\u00fchst\u00fccksklub<\/a>) und nutzt ihre \u00f6ffentliche Pr\u00e4senz, um auf wichtige Anliegen aufmerksam zu machen und positive Ver\u00e4nderungen zu bewirken.<\/p>\n\n\n\n<p>Wir freuen uns sehr, dass wir die beliebte Schauspielerin als Markenpatin f\u00fcr Jungborn gewinnen konnten. Im M\u00e4rz 2025 ist das gemeinsam initiierte <a href=\"https:\/\/www.jungborn.de\/herzhaft-herzlich-das-kochbuch-von-saskia-vester-jungborn-107729\/\" target=\"_blank\" rel=\"noreferrer noopener\">Kochbuch \u201eHerzhaft &amp; Herzlich\u201c <\/a>von Saskia Vester erschienen.<\/p>\n\n\n\n<div class=\"wp-block-buttons is-layout-flex wp-block-buttons-is-layout-flex\">\n<div class=\"wp-block-button\"><a class=\"wp-block-button__link wp-element-button\" href=\"https:\/\/www.jungborn.de\/saskia-vesters-lieblingsprodukte\/\" target=\"_blank\" rel=\"noreferrer noopener\">Saskia Vesters Lieblingsprodukte bei Jungborn<\/a><\/div>\n<\/div>\n\n\n\n<p><\/p>\n","protected":false},"excerpt":{"rendered":"Saskia Vesters Lieblingsdeko: \u201eZu Weihnachten liebe ich ein bisschen Natur im Haus mit Zapfen, getrockneten Orangenscheiben und duftenden&hellip;\n","protected":false},"author":13,"featured_media":7169,"comment_status":"open","ping_status":"open","sticky":false,"template":"","format":"standard","meta":{"footnotes":""},"categories":[286,4,544],"tags":[419,203,442,494,351],"class_list":{"0":"post-7168","1":"post","2":"type-post","3":"status-publish","4":"format-standard","5":"has-post-thumbnail","7":"category-aktuelles","8":"category-leben","9":"category-saskia-vesters-lieblingsrezepte","10":"tag-basteln","11":"tag-dekorieren-fuer-weihnachten","12":"tag-diy","13":"tag-saskia-vester","14":"tag-weihnachten"},"yoast_head":"<!-- This site is optimized with the Yoast SEO plugin v27.2 - https:\/\/yoast.com\/product\/yoast-seo-wordpress\/ -->\n<title>Weihnachtsbaum aus Zweigen - Jungborn Blog \u2026hat immer etwas Besonderes<\/title>\n<meta name=\"description\" content=\"Und der Tannenbaum aus Zweigen, den man \u00fcbrigens toll auch mit Kindern basteln kann, sieht jedes Jahr anders aus.\" \/>\n<meta name=\"robots\" content=\"index, follow, max-snippet:-1, max-image-preview:large, max-video-preview:-1\" \/>\n<link rel=\"canonical\" href=\"https:\/\/www.jungborn.de\/blog\/weihnachtsbaum-aus-zweigen\/\" \/>\n<meta property=\"og:locale\" content=\"de_DE\" \/>\n<meta property=\"og:type\" content=\"article\" \/>\n<meta property=\"og:title\" content=\"Weihnachtsbaum aus Zweigen - Jungborn Blog \u2026hat immer etwas Besonderes\" \/>\n<meta property=\"og:description\" content=\"Und der Tannenbaum aus Zweigen, den man \u00fcbrigens toll auch mit Kindern basteln kann, sieht jedes Jahr anders aus.\" \/>\n<meta property=\"og:url\" content=\"https:\/\/www.jungborn.de\/blog\/weihnachtsbaum-aus-zweigen\/\" \/>\n<meta property=\"og:site_name\" content=\"Jungborn Blog \u2026hat immer etwas Besonderes\" \/>\n<meta property=\"article:published_time\" content=\"2025-11-28T08:52:00+00:00\" \/>\n<meta property=\"article:modified_time\" content=\"2025-12-04T16:42:53+00:00\" \/>\n<meta property=\"og:image\" content=\"https:\/\/www.jungborn.de\/blog\/wp-content\/uploads\/2025\/11\/Deko_xmas_Baum_gebastelt.jpg\" \/>\n\t<meta property=\"og:image:width\" content=\"1200\" \/>\n\t<meta property=\"og:image:height\" content=\"1600\" \/>\n\t<meta property=\"og:image:type\" content=\"image\/jpeg\" \/>\n<meta name=\"author\" content=\"Elias Bortel\" \/>\n<meta name=\"twitter:card\" content=\"summary_large_image\" \/>\n<meta name=\"twitter:label1\" content=\"Verfasst von\" \/>\n\t<meta name=\"twitter:data1\" content=\"Elias Bortel\" \/>\n\t<meta name=\"twitter:label2\" content=\"Gesch\u00e4tzte Lesezeit\" \/>\n\t<meta name=\"twitter:data2\" content=\"4\u00a0Minuten\" \/>\n<script type=\"application\/ld+json\" class=\"yoast-schema-graph\">{\"@context\":\"https:\/\/schema.org\",\"@graph\":[{\"@type\":\"Article\",\"@id\":\"https:\/\/www.jungborn.de\/blog\/weihnachtsbaum-aus-zweigen\/#article\",\"isPartOf\":{\"@id\":\"https:\/\/www.jungborn.de\/blog\/weihnachtsbaum-aus-zweigen\/\"},\"author\":{\"name\":\"Elias Bortel\",\"@id\":\"https:\/\/www.jungborn.de\/blog\/#\/schema\/person\/adab51921725e39986fa0ca426ce03c4\"},\"headline\":\"Weihnachtsbaum aus Zweigen\",\"datePublished\":\"2025-11-28T08:52:00+00:00\",\"dateModified\":\"2025-12-04T16:42:53+00:00\",\"mainEntityOfPage\":{\"@id\":\"https:\/\/www.jungborn.de\/blog\/weihnachtsbaum-aus-zweigen\/\"},\"wordCount\":435,\"commentCount\":0,\"image\":{\"@id\":\"https:\/\/www.jungborn.de\/blog\/weihnachtsbaum-aus-zweigen\/#primaryimage\"},\"thumbnailUrl\":\"https:\/\/www.jungborn.de\/blog\/wp-content\/uploads\/2025\/11\/Deko_xmas_Baum_gebastelt.jpg\",\"keywords\":[\"Basteln\",\"Dekorieren f\u00fcr Weihnachten\",\"DIY\",\"Saskia Vester\",\"Weihnachten\"],\"articleSection\":[\"Aktuelles\",\"Leben\",\"Saskia Vesters Lieblingsrezepte\"],\"inLanguage\":\"de\",\"potentialAction\":[{\"@type\":\"CommentAction\",\"name\":\"Comment\",\"target\":[\"https:\/\/www.jungborn.de\/blog\/weihnachtsbaum-aus-zweigen\/#respond\"]}]},{\"@type\":\"WebPage\",\"@id\":\"https:\/\/www.jungborn.de\/blog\/weihnachtsbaum-aus-zweigen\/\",\"url\":\"https:\/\/www.jungborn.de\/blog\/weihnachtsbaum-aus-zweigen\/\",\"name\":\"Weihnachtsbaum aus Zweigen - Jungborn Blog \u2026hat immer etwas Besonderes\",\"isPartOf\":{\"@id\":\"https:\/\/www.jungborn.de\/blog\/#website\"},\"primaryImageOfPage\":{\"@id\":\"https:\/\/www.jungborn.de\/blog\/weihnachtsbaum-aus-zweigen\/#primaryimage\"},\"image\":{\"@id\":\"https:\/\/www.jungborn.de\/blog\/weihnachtsbaum-aus-zweigen\/#primaryimage\"},\"thumbnailUrl\":\"https:\/\/www.jungborn.de\/blog\/wp-content\/uploads\/2025\/11\/Deko_xmas_Baum_gebastelt.jpg\",\"datePublished\":\"2025-11-28T08:52:00+00:00\",\"dateModified\":\"2025-12-04T16:42:53+00:00\",\"author\":{\"@id\":\"https:\/\/www.jungborn.de\/blog\/#\/schema\/person\/adab51921725e39986fa0ca426ce03c4\"},\"description\":\"Und der Tannenbaum aus Zweigen, den man \u00fcbrigens toll auch mit Kindern basteln kann, sieht jedes Jahr anders aus.\",\"breadcrumb\":{\"@id\":\"https:\/\/www.jungborn.de\/blog\/weihnachtsbaum-aus-zweigen\/#breadcrumb\"},\"inLanguage\":\"de\",\"potentialAction\":[{\"@type\":\"ReadAction\",\"target\":[\"https:\/\/www.jungborn.de\/blog\/weihnachtsbaum-aus-zweigen\/\"]}]},{\"@type\":\"ImageObject\",\"inLanguage\":\"de\",\"@id\":\"https:\/\/www.jungborn.de\/blog\/weihnachtsbaum-aus-zweigen\/#primaryimage\",\"url\":\"https:\/\/www.jungborn.de\/blog\/wp-content\/uploads\/2025\/11\/Deko_xmas_Baum_gebastelt.jpg\",\"contentUrl\":\"https:\/\/www.jungborn.de\/blog\/wp-content\/uploads\/2025\/11\/Deko_xmas_Baum_gebastelt.jpg\",\"width\":1200,\"height\":1600,\"caption\":\"Foto: Adobe Stock \/ Maria\"},{\"@type\":\"BreadcrumbList\",\"@id\":\"https:\/\/www.jungborn.de\/blog\/weihnachtsbaum-aus-zweigen\/#breadcrumb\",\"itemListElement\":[{\"@type\":\"ListItem\",\"position\":1,\"name\":\"Startseite\",\"item\":\"https:\/\/www.jungborn.de\/blog\/\"},{\"@type\":\"ListItem\",\"position\":2,\"name\":\"Weihnachtsbaum aus Zweigen\"}]},{\"@type\":\"WebSite\",\"@id\":\"https:\/\/www.jungborn.de\/blog\/#website\",\"url\":\"https:\/\/www.jungborn.de\/blog\/\",\"name\":\"Jungborn Blog \u2026hat immer etwas Besonderes\",\"description\":\"\",\"potentialAction\":[{\"@type\":\"SearchAction\",\"target\":{\"@type\":\"EntryPoint\",\"urlTemplate\":\"https:\/\/www.jungborn.de\/blog\/?s={search_term_string}\"},\"query-input\":{\"@type\":\"PropertyValueSpecification\",\"valueRequired\":true,\"valueName\":\"search_term_string\"}}],\"inLanguage\":\"de\"},{\"@type\":\"Person\",\"@id\":\"https:\/\/www.jungborn.de\/blog\/#\/schema\/person\/adab51921725e39986fa0ca426ce03c4\",\"name\":\"Elias Bortel\",\"image\":{\"@type\":\"ImageObject\",\"inLanguage\":\"de\",\"@id\":\"https:\/\/secure.gravatar.com\/avatar\/dd569887fbc3bdb553309ee09fc65651ddf5fd5021b551fedd3b115e80681e4a?s=96&d=mm&r=g\",\"url\":\"https:\/\/secure.gravatar.com\/avatar\/dd569887fbc3bdb553309ee09fc65651ddf5fd5021b551fedd3b115e80681e4a?s=96&d=mm&r=g\",\"contentUrl\":\"https:\/\/secure.gravatar.com\/avatar\/dd569887fbc3bdb553309ee09fc65651ddf5fd5021b551fedd3b115e80681e4a?s=96&d=mm&r=g\",\"caption\":\"Elias Bortel\"},\"url\":\"https:\/\/www.jungborn.de\/blog\/author\/elias-borteljungborn-de\/\"}]}<\/script>\n<!-- \/ Yoast SEO plugin. -->","yoast_head_json":{"title":"Weihnachtsbaum aus Zweigen - Jungborn Blog \u2026hat immer etwas Besonderes","description":"Und der Tannenbaum aus Zweigen, den man \u00fcbrigens toll auch mit Kindern basteln kann, sieht jedes Jahr anders aus.","robots":{"index":"index","follow":"follow","max-snippet":"max-snippet:-1","max-image-preview":"max-image-preview:large","max-video-preview":"max-video-preview:-1"},"canonical":"https:\/\/www.jungborn.de\/blog\/weihnachtsbaum-aus-zweigen\/","og_locale":"de_DE","og_type":"article","og_title":"Weihnachtsbaum aus Zweigen - Jungborn Blog \u2026hat immer etwas Besonderes","og_description":"Und der Tannenbaum aus Zweigen, den man \u00fcbrigens toll auch mit Kindern basteln kann, sieht jedes Jahr anders aus.","og_url":"https:\/\/www.jungborn.de\/blog\/weihnachtsbaum-aus-zweigen\/","og_site_name":"Jungborn Blog \u2026hat immer etwas Besonderes","article_published_time":"2025-11-28T08:52:00+00:00","article_modified_time":"2025-12-04T16:42:53+00:00","og_image":[{"width":1200,"height":1600,"url":"https:\/\/www.jungborn.de\/blog\/wp-content\/uploads\/2025\/11\/Deko_xmas_Baum_gebastelt.jpg","type":"image\/jpeg"}],"author":"Elias Bortel","twitter_card":"summary_large_image","twitter_misc":{"Verfasst von":"Elias Bortel","Gesch\u00e4tzte Lesezeit":"4\u00a0Minuten"},"schema":{"@context":"https:\/\/schema.org","@graph":[{"@type":"Article","@id":"https:\/\/www.jungborn.de\/blog\/weihnachtsbaum-aus-zweigen\/#article","isPartOf":{"@id":"https:\/\/www.jungborn.de\/blog\/weihnachtsbaum-aus-zweigen\/"},"author":{"name":"Elias Bortel","@id":"https:\/\/www.jungborn.de\/blog\/#\/schema\/person\/adab51921725e39986fa0ca426ce03c4"},"headline":"Weihnachtsbaum aus Zweigen","datePublished":"2025-11-28T08:52:00+00:00","dateModified":"2025-12-04T16:42:53+00:00","mainEntityOfPage":{"@id":"https:\/\/www.jungborn.de\/blog\/weihnachtsbaum-aus-zweigen\/"},"wordCount":435,"commentCount":0,"image":{"@id":"https:\/\/www.jungborn.de\/blog\/weihnachtsbaum-aus-zweigen\/#primaryimage"},"thumbnailUrl":"https:\/\/www.jungborn.de\/blog\/wp-content\/uploads\/2025\/11\/Deko_xmas_Baum_gebastelt.jpg","keywords":["Basteln","Dekorieren f\u00fcr Weihnachten","DIY","Saskia Vester","Weihnachten"],"articleSection":["Aktuelles","Leben","Saskia Vesters Lieblingsrezepte"],"inLanguage":"de","potentialAction":[{"@type":"CommentAction","name":"Comment","target":["https:\/\/www.jungborn.de\/blog\/weihnachtsbaum-aus-zweigen\/#respond"]}]},{"@type":"WebPage","@id":"https:\/\/www.jungborn.de\/blog\/weihnachtsbaum-aus-zweigen\/","url":"https:\/\/www.jungborn.de\/blog\/weihnachtsbaum-aus-zweigen\/","name":"Weihnachtsbaum aus Zweigen - Jungborn Blog \u2026hat immer etwas Besonderes","isPartOf":{"@id":"https:\/\/www.jungborn.de\/blog\/#website"},"primaryImageOfPage":{"@id":"https:\/\/www.jungborn.de\/blog\/weihnachtsbaum-aus-zweigen\/#primaryimage"},"image":{"@id":"https:\/\/www.jungborn.de\/blog\/weihnachtsbaum-aus-zweigen\/#primaryimage"},"thumbnailUrl":"https:\/\/www.jungborn.de\/blog\/wp-content\/uploads\/2025\/11\/Deko_xmas_Baum_gebastelt.jpg","datePublished":"2025-11-28T08:52:00+00:00","dateModified":"2025-12-04T16:42:53+00:00","author":{"@id":"https:\/\/www.jungborn.de\/blog\/#\/schema\/person\/adab51921725e39986fa0ca426ce03c4"},"description":"Und der Tannenbaum aus Zweigen, den man \u00fcbrigens toll auch mit Kindern basteln kann, sieht jedes Jahr anders aus.","breadcrumb":{"@id":"https:\/\/www.jungborn.de\/blog\/weihnachtsbaum-aus-zweigen\/#breadcrumb"},"inLanguage":"de","potentialAction":[{"@type":"ReadAction","target":["https:\/\/www.jungborn.de\/blog\/weihnachtsbaum-aus-zweigen\/"]}]},{"@type":"ImageObject","inLanguage":"de","@id":"https:\/\/www.jungborn.de\/blog\/weihnachtsbaum-aus-zweigen\/#primaryimage","url":"https:\/\/www.jungborn.de\/blog\/wp-content\/uploads\/2025\/11\/Deko_xmas_Baum_gebastelt.jpg","contentUrl":"https:\/\/www.jungborn.de\/blog\/wp-content\/uploads\/2025\/11\/Deko_xmas_Baum_gebastelt.jpg","width":1200,"height":1600,"caption":"Foto: Adobe Stock \/ Maria"},{"@type":"BreadcrumbList","@id":"https:\/\/www.jungborn.de\/blog\/weihnachtsbaum-aus-zweigen\/#breadcrumb","itemListElement":[{"@type":"ListItem","position":1,"name":"Startseite","item":"https:\/\/www.jungborn.de\/blog\/"},{"@type":"ListItem","position":2,"name":"Weihnachtsbaum aus Zweigen"}]},{"@type":"WebSite","@id":"https:\/\/www.jungborn.de\/blog\/#website","url":"https:\/\/www.jungborn.de\/blog\/","name":"Jungborn Blog \u2026hat immer etwas Besonderes","description":"","potentialAction":[{"@type":"SearchAction","target":{"@type":"EntryPoint","urlTemplate":"https:\/\/www.jungborn.de\/blog\/?s={search_term_string}"},"query-input":{"@type":"PropertyValueSpecification","valueRequired":true,"valueName":"search_term_string"}}],"inLanguage":"de"},{"@type":"Person","@id":"https:\/\/www.jungborn.de\/blog\/#\/schema\/person\/adab51921725e39986fa0ca426ce03c4","name":"Elias Bortel","image":{"@type":"ImageObject","inLanguage":"de","@id":"https:\/\/secure.gravatar.com\/avatar\/dd569887fbc3bdb553309ee09fc65651ddf5fd5021b551fedd3b115e80681e4a?s=96&d=mm&r=g","url":"https:\/\/secure.gravatar.com\/avatar\/dd569887fbc3bdb553309ee09fc65651ddf5fd5021b551fedd3b115e80681e4a?s=96&d=mm&r=g","contentUrl":"https:\/\/secure.gravatar.com\/avatar\/dd569887fbc3bdb553309ee09fc65651ddf5fd5021b551fedd3b115e80681e4a?s=96&d=mm&r=g","caption":"Elias Bortel"},"url":"https:\/\/www.jungborn.de\/blog\/author\/elias-borteljungborn-de\/"}]}},"_links":{"self":[{"href":"https:\/\/www.jungborn.de\/blog\/wp-json\/wp\/v2\/posts\/7168","targetHints":{"allow":["GET"]}}],"collection":[{"href":"https:\/\/www.jungborn.de\/blog\/wp-json\/wp\/v2\/posts"}],"about":[{"href":"https:\/\/www.jungborn.de\/blog\/wp-json\/wp\/v2\/types\/post"}],"author":[{"embeddable":true,"href":"https:\/\/www.jungborn.de\/blog\/wp-json\/wp\/v2\/users\/13"}],"replies":[{"embeddable":true,"href":"https:\/\/www.jungborn.de\/blog\/wp-json\/wp\/v2\/comments?post=7168"}],"version-history":[{"count":9,"href":"https:\/\/www.jungborn.de\/blog\/wp-json\/wp\/v2\/posts\/7168\/revisions"}],"predecessor-version":[{"id":7221,"href":"https:\/\/www.jungborn.de\/blog\/wp-json\/wp\/v2\/posts\/7168\/revisions\/7221"}],"wp:featuredmedia":[{"embeddable":true,"href":"https:\/\/www.jungborn.de\/blog\/wp-json\/wp\/v2\/media\/7169"}],"wp:attachment":[{"href":"https:\/\/www.jungborn.de\/blog\/wp-json\/wp\/v2\/media?parent=7168"}],"wp:term":[{"taxonomy":"category","embeddable":true,"href":"https:\/\/www.jungborn.de\/blog\/wp-json\/wp\/v2\/categories?post=7168"},{"taxonomy":"post_tag","embeddable":true,"href":"https:\/\/www.jungborn.de\/blog\/wp-json\/wp\/v2\/tags?post=7168"}],"curies":[{"name":"wp","href":"https:\/\/api.w.org\/{rel}","templated":true}]}}