{"id":7059,"date":"2025-10-28T09:44:34","date_gmt":"2025-10-28T08:44:34","guid":{"rendered":"https:\/\/www.jungborn.de\/blog\/?p=7059"},"modified":"2025-10-28T09:44:35","modified_gmt":"2025-10-28T08:44:35","slug":"elsaesser-bredele-kekse-a-la-cannelle","status":"publish","type":"post","link":"https:\/\/www.jungborn.de\/blog\/elsaesser-bredele-kekse-a-la-cannelle\/","title":{"rendered":"Els\u00e4sser Bredele-Kekse \u00e0 la Cannelle"},"content":{"rendered":"\n<p>\u201eWenn es um Pl\u00e4tzchenteig geht, hat, glaube ich, jede Familie in Deutschland ihr eigenes Lieblingsrezept. Wir haben unseres von den Els\u00e4ssern \u201egeliehen\u201c, weil es so einfach wie raffiniert ist. Bredele nennen die Els\u00e4sser ihre Weihnachtspl\u00e4tzchen, sehr charmant. Das Geheimnis ist die Zitronenschale und nat\u00fcrlich ein frischer, aromatischer Zimt. \u201eCannelle\u201c ist n\u00e4mlich das franz\u00f6sische Wort f\u00fcr Zimt.\u201c<\/p>\n\n\n\n<figure class=\"wp-block-image size-large\"><img loading=\"lazy\" decoding=\"async\" width=\"1024\" height=\"709\" src=\"https:\/\/www.jungborn.de\/blog\/wp-content\/uploads\/2025\/04\/Button_Meine_Empfehlung_Saskia_Vester_v3-1024x709.png\" alt=\"\" class=\"wp-image-6263\" srcset=\"https:\/\/www.jungborn.de\/blog\/wp-content\/uploads\/2025\/04\/Button_Meine_Empfehlung_Saskia_Vester_v3-1024x709.png 1024w, https:\/\/www.jungborn.de\/blog\/wp-content\/uploads\/2025\/04\/Button_Meine_Empfehlung_Saskia_Vester_v3-300x208.png 300w, https:\/\/www.jungborn.de\/blog\/wp-content\/uploads\/2025\/04\/Button_Meine_Empfehlung_Saskia_Vester_v3-768x532.png 768w, https:\/\/www.jungborn.de\/blog\/wp-content\/uploads\/2025\/04\/Button_Meine_Empfehlung_Saskia_Vester_v3-380x263.png 380w, https:\/\/www.jungborn.de\/blog\/wp-content\/uploads\/2025\/04\/Button_Meine_Empfehlung_Saskia_Vester_v3-800x554.png 800w, https:\/\/www.jungborn.de\/blog\/wp-content\/uploads\/2025\/04\/Button_Meine_Empfehlung_Saskia_Vester_v3-1160x803.png 1160w, https:\/\/www.jungborn.de\/blog\/wp-content\/uploads\/2025\/04\/Button_Meine_Empfehlung_Saskia_Vester_v3-640x443.png 640w, https:\/\/www.jungborn.de\/blog\/wp-content\/uploads\/2025\/04\/Button_Meine_Empfehlung_Saskia_Vester_v3.png 1200w\" sizes=\"auto, (max-width: 1024px) 100vw, 1024px\" \/><\/figure>\n\n\n\n<h2 id=\"zutaten\" class=\"wp-block-heading\">Zutaten:<\/h2>\n\n\n\n<figure class=\"wp-block-table\"><table><tbody><tr><td>250g<\/td><td>Mehl<\/td><\/tr><tr><td>125 g<\/td><td>Puderzucker<\/td><\/tr><tr><td>110 g<\/td><td>weiche <a href=\"https:\/\/www.jungborn.de\/heumilch-almbutter-schoenegger-102056\/\" target=\"_blank\" rel=\"noreferrer noopener\">Butter<\/a><\/td><\/tr><tr><td>2<\/td><td>Eier<\/td><\/tr><tr><td>1 TL<\/td><td>Zimt<\/td><\/tr><tr><td>1 TL<\/td><td>Abrieb einer Bio-Zitrone<\/td><\/tr><tr><td>1 Prise<\/td><td>Salz<\/td><\/tr><\/tbody><\/table><\/figure>\n\n\n\n<h2 id=\"zubereitung\" class=\"wp-block-heading\">Zubereitung:<\/h2>\n\n\n\n<ol class=\"wp-block-list\">\n<li>Weiche Butter, Puderzucker und Eier mit dem Mixer verr\u00fchren. <\/li>\n\n\n\n<li>Mehl mit Zimt, Zitronenschale und Salz vermischen und nach und nach unterr\u00fchren. <\/li>\n\n\n\n<li>Den Teig \u00fcber Nacht im K\u00fchlschrank ruhen lassen und am n\u00e4chsten Tag mit etwas Mehl d\u00fcnn ausrollen und ausstechen. <\/li>\n\n\n\n<li>Bei 180 \u00b0C ca. 11 bis 15 Minuten goldbraun backen und nach Lust und Laune verzieren.<\/li>\n<\/ol>\n\n\n\n<p>Viel Spa\u00df beim Backen &amp; Genie\u00dfen!<\/p>\n\n\n\n<p>Ihre Saskia Vester<\/p>\n\n\n\n<figure class=\"wp-block-image size-full\"><a href=\"https:\/\/www.jungborn.de\/herzhaft-herzlich-das-kochbuch-von-saskia-vester-jungborn-107729\/\" target=\"_blank\" rel=\"noreferrer noopener\"><img loading=\"lazy\" decoding=\"async\" width=\"960\" height=\"425\" src=\"https:\/\/www.jungborn.de\/blog\/wp-content\/uploads\/2025\/04\/FS2025_JD6_Kochbuch_Saskia_Vester_1920x1920.jpg\" alt=\"\" class=\"wp-image-6305\" srcset=\"https:\/\/www.jungborn.de\/blog\/wp-content\/uploads\/2025\/04\/FS2025_JD6_Kochbuch_Saskia_Vester_1920x1920.jpg 960w, https:\/\/www.jungborn.de\/blog\/wp-content\/uploads\/2025\/04\/FS2025_JD6_Kochbuch_Saskia_Vester_1920x1920-300x133.jpg 300w, https:\/\/www.jungborn.de\/blog\/wp-content\/uploads\/2025\/04\/FS2025_JD6_Kochbuch_Saskia_Vester_1920x1920-768x340.jpg 768w, https:\/\/www.jungborn.de\/blog\/wp-content\/uploads\/2025\/04\/FS2025_JD6_Kochbuch_Saskia_Vester_1920x1920-380x168.jpg 380w, https:\/\/www.jungborn.de\/blog\/wp-content\/uploads\/2025\/04\/FS2025_JD6_Kochbuch_Saskia_Vester_1920x1920-800x354.jpg 800w, https:\/\/www.jungborn.de\/blog\/wp-content\/uploads\/2025\/04\/FS2025_JD6_Kochbuch_Saskia_Vester_1920x1920-640x283.jpg 640w\" sizes=\"auto, (max-width: 960px) 100vw, 960px\" \/><\/a><figcaption class=\"wp-element-caption\">Charmantes <a href=\"https:\/\/www.jungborn.de\/herzhaft-herzlich-das-kochbuch-von-saskia-vester-jungborn-107729\/\" target=\"_blank\" rel=\"noreferrer noopener\">Kochbuch mit Rezepten + Anekdoten<\/a> der sympathischen deutschen Schauspielerin Saskia Vester. Foto: Jungborn<\/figcaption><\/figure>\n\n\n\n<h2 id=\"zur-person-saskia-vester\" class=\"wp-block-heading\">Zur Person: Saskia Vester<\/h2>\n\n\n\n<figure class=\"wp-block-image size-large\"><a href=\"https:\/\/www.jungborn.de\/saskia-vesters-lieblingsprodukte\/\"><img loading=\"lazy\" decoding=\"async\" width=\"1024\" height=\"618\" src=\"https:\/\/www.jungborn.de\/blog\/wp-content\/uploads\/2024\/04\/Lieblingsprodukte_SaskiaVester_1280x773_neu-1024x618.jpg\" alt=\"Saskia Vester trinkt Jungborn Kaffee\" class=\"wp-image-5067\" srcset=\"https:\/\/www.jungborn.de\/blog\/wp-content\/uploads\/2024\/04\/Lieblingsprodukte_SaskiaVester_1280x773_neu-1024x618.jpg 1024w, https:\/\/www.jungborn.de\/blog\/wp-content\/uploads\/2024\/04\/Lieblingsprodukte_SaskiaVester_1280x773_neu-300x180.jpg 300w, https:\/\/www.jungborn.de\/blog\/wp-content\/uploads\/2024\/04\/Lieblingsprodukte_SaskiaVester_1280x773_neu-768x464.jpg 768w, https:\/\/www.jungborn.de\/blog\/wp-content\/uploads\/2024\/04\/Lieblingsprodukte_SaskiaVester_1280x773_neu-380x229.jpg 380w, https:\/\/www.jungborn.de\/blog\/wp-content\/uploads\/2024\/04\/Lieblingsprodukte_SaskiaVester_1280x773_neu-800x483.jpg 800w, https:\/\/www.jungborn.de\/blog\/wp-content\/uploads\/2024\/04\/Lieblingsprodukte_SaskiaVester_1280x773_neu-1160x701.jpg 1160w, https:\/\/www.jungborn.de\/blog\/wp-content\/uploads\/2024\/04\/Lieblingsprodukte_SaskiaVester_1280x773_neu-640x387.jpg 640w, https:\/\/www.jungborn.de\/blog\/wp-content\/uploads\/2024\/04\/Lieblingsprodukte_SaskiaVester_1280x773_neu.jpg 1280w\" sizes=\"auto, (max-width: 1024px) 100vw, 1024px\" \/><\/a><figcaption class=\"wp-element-caption\">Foto: Jungborn<\/figcaption><\/figure>\n\n\n\n<h2 id=\"sympathisch-engagiert\" class=\"wp-block-heading\">Sympathisch &amp; engagiert<\/h2>\n\n\n\n<p>&#8222;Ob \u201eTatort\u201c, das \u201eTraumschiff oder \u201eDas Kinderm\u00e4dchen\u201c, Saskia Vester ist eine der meistbesch\u00e4ftigten Schauspielerinnen Deutschlands und bekannt f\u00fcr ihre vielseitigen Rollen in Film, Fernsehen und Theater. F\u00fcr ihre Rolle&nbsp;<em>Kristin Bender<\/em>&nbsp;in \u201eKDD \u2013 Kriminaldauerdienst\u201c bekam sie u.a. den Bayerischen Fernsehpreis.<\/p>\n\n\n\n<p>Abseits ihrer schauspielerischen T\u00e4tigkeiten engagiert sich Saskia Vester auch sozial und politisch. Sie setzt sich f\u00fcr verschiedene wohlt\u00e4tige Zwecke ein (z. B. <a href=\"https:\/\/www.jungborn.de\/besuch-fruehstuecksklub-muenchen\/\" target=\"_blank\" rel=\"noreferrer noopener\">beim Fr\u00fchst\u00fccksklub<\/a>) und nutzt ihre \u00f6ffentliche Pr\u00e4senz, um auf wichtige Anliegen aufmerksam zu machen und positive Ver\u00e4nderungen zu bewirken.<\/p>\n\n\n\n<p>Wir freuen uns sehr, dass wir die beliebte Schauspielerin als Markenpatin f\u00fcr Jungborn gewinnen konnten. Im M\u00e4rz 2025 ist das gemeinsam initiierte <a href=\"https:\/\/www.jungborn.de\/herzhaft-herzlich-das-kochbuch-von-saskia-vester-jungborn-107729\/\" target=\"_blank\" rel=\"noreferrer noopener\">Kochbuch \u201eHerzhaft &amp; Herzlich\u201c <\/a>von Saskia Vester erschienen.<\/p>\n\n\n\n<div class=\"wp-block-buttons is-layout-flex wp-block-buttons-is-layout-flex\">\n<div class=\"wp-block-button\"><a class=\"wp-block-button__link wp-element-button\" href=\"https:\/\/www.jungborn.de\/saskia-vesters-lieblingsprodukte\/\" target=\"_blank\" rel=\"noreferrer noopener\">Saskia Vesters Lieblingsprodukte bei Jungborn<\/a><\/div>\n<\/div>\n\n\n\n<p><\/p>\n","protected":false},"excerpt":{"rendered":"\u201eWenn es um Pl\u00e4tzchenteig geht, hat, glaube ich, jede Familie in Deutschland ihr eigenes Lieblingsrezept. Wir haben unseres&hellip;\n","protected":false},"author":13,"featured_media":7060,"comment_status":"open","ping_status":"open","sticky":false,"template":"","format":"standard","meta":{"footnotes":""},"categories":[286,544,377],"tags":[440,665,456,384,494,351],"class_list":{"0":"post-7059","1":"post","2":"type-post","3":"status-publish","4":"format-standard","5":"has-post-thumbnail","7":"category-aktuelles","8":"category-saskia-vesters-lieblingsrezepte","9":"category-weihnachtliche-rezepte","10":"tag-backen","11":"tag-einfach","12":"tag-kekse","13":"tag-rezept","14":"tag-saskia-vester","15":"tag-weihnachten"},"yoast_head":"<!-- This site is optimized with the Yoast SEO plugin v27.2 - https:\/\/yoast.com\/product\/yoast-seo-wordpress\/ -->\n<title>Els\u00e4sser Bredele-Kekse \u00e0 la Cannelle - Jungborn Blog \u2026hat immer etwas Besonderes<\/title>\n<meta name=\"description\" content=\"Wenn es um Pl\u00e4tzchenteig geht, hat, glaube ich, jede Familie in Deutschland ihr eigenes Lieblingsrezept. Wir haben unseres von den Els\u00e4ssern\" \/>\n<meta name=\"robots\" content=\"index, follow, max-snippet:-1, max-image-preview:large, max-video-preview:-1\" \/>\n<link rel=\"canonical\" href=\"https:\/\/www.jungborn.de\/blog\/elsaesser-bredele-kekse-a-la-cannelle\/\" \/>\n<meta property=\"og:locale\" content=\"de_DE\" \/>\n<meta property=\"og:type\" content=\"article\" \/>\n<meta property=\"og:title\" content=\"Els\u00e4sser Bredele-Kekse \u00e0 la Cannelle - Jungborn Blog \u2026hat immer etwas Besonderes\" \/>\n<meta property=\"og:description\" content=\"Wenn es um Pl\u00e4tzchenteig geht, hat, glaube ich, jede Familie in Deutschland ihr eigenes Lieblingsrezept. Wir haben unseres von den Els\u00e4ssern\" \/>\n<meta property=\"og:url\" content=\"https:\/\/www.jungborn.de\/blog\/elsaesser-bredele-kekse-a-la-cannelle\/\" \/>\n<meta property=\"og:site_name\" content=\"Jungborn Blog \u2026hat immer etwas Besonderes\" \/>\n<meta property=\"article:published_time\" content=\"2025-10-28T08:44:34+00:00\" \/>\n<meta property=\"article:modified_time\" content=\"2025-10-28T08:44:35+00:00\" \/>\n<meta property=\"og:image\" content=\"https:\/\/www.jungborn.de\/blog\/wp-content\/uploads\/2025\/10\/Bredele_Weihnachtskekse.jpg\" \/>\n\t<meta property=\"og:image:width\" content=\"1200\" \/>\n\t<meta property=\"og:image:height\" content=\"1600\" \/>\n\t<meta property=\"og:image:type\" content=\"image\/jpeg\" \/>\n<meta name=\"author\" content=\"Elias Bortel\" \/>\n<meta name=\"twitter:card\" content=\"summary_large_image\" \/>\n<meta name=\"twitter:label1\" content=\"Verfasst von\" \/>\n\t<meta name=\"twitter:data1\" content=\"Elias Bortel\" \/>\n\t<meta name=\"twitter:label2\" content=\"Gesch\u00e4tzte Lesezeit\" \/>\n\t<meta name=\"twitter:data2\" content=\"3\u00a0Minuten\" \/>\n<script type=\"application\/ld+json\" class=\"yoast-schema-graph\">{\"@context\":\"https:\/\/schema.org\",\"@graph\":[{\"@type\":\"Article\",\"@id\":\"https:\/\/www.jungborn.de\/blog\/elsaesser-bredele-kekse-a-la-cannelle\/#article\",\"isPartOf\":{\"@id\":\"https:\/\/www.jungborn.de\/blog\/elsaesser-bredele-kekse-a-la-cannelle\/\"},\"author\":{\"name\":\"Elias Bortel\",\"@id\":\"https:\/\/www.jungborn.de\/blog\/#\/schema\/person\/adab51921725e39986fa0ca426ce03c4\"},\"headline\":\"Els\u00e4sser Bredele-Kekse \u00e0 la Cannelle\",\"datePublished\":\"2025-10-28T08:44:34+00:00\",\"dateModified\":\"2025-10-28T08:44:35+00:00\",\"mainEntityOfPage\":{\"@id\":\"https:\/\/www.jungborn.de\/blog\/elsaesser-bredele-kekse-a-la-cannelle\/\"},\"wordCount\":308,\"commentCount\":0,\"image\":{\"@id\":\"https:\/\/www.jungborn.de\/blog\/elsaesser-bredele-kekse-a-la-cannelle\/#primaryimage\"},\"thumbnailUrl\":\"https:\/\/www.jungborn.de\/blog\/wp-content\/uploads\/2025\/10\/Bredele_Weihnachtskekse.jpg\",\"keywords\":[\"Backen\",\"Einfach\",\"Kekse\",\"Rezept\",\"Saskia Vester\",\"Weihnachten\"],\"articleSection\":[\"Aktuelles\",\"Saskia Vesters Lieblingsrezepte\",\"Weihnachtliche Rezepte\"],\"inLanguage\":\"de\",\"potentialAction\":[{\"@type\":\"CommentAction\",\"name\":\"Comment\",\"target\":[\"https:\/\/www.jungborn.de\/blog\/elsaesser-bredele-kekse-a-la-cannelle\/#respond\"]}]},{\"@type\":\"WebPage\",\"@id\":\"https:\/\/www.jungborn.de\/blog\/elsaesser-bredele-kekse-a-la-cannelle\/\",\"url\":\"https:\/\/www.jungborn.de\/blog\/elsaesser-bredele-kekse-a-la-cannelle\/\",\"name\":\"Els\u00e4sser Bredele-Kekse \u00e0 la Cannelle - Jungborn Blog \u2026hat immer etwas Besonderes\",\"isPartOf\":{\"@id\":\"https:\/\/www.jungborn.de\/blog\/#website\"},\"primaryImageOfPage\":{\"@id\":\"https:\/\/www.jungborn.de\/blog\/elsaesser-bredele-kekse-a-la-cannelle\/#primaryimage\"},\"image\":{\"@id\":\"https:\/\/www.jungborn.de\/blog\/elsaesser-bredele-kekse-a-la-cannelle\/#primaryimage\"},\"thumbnailUrl\":\"https:\/\/www.jungborn.de\/blog\/wp-content\/uploads\/2025\/10\/Bredele_Weihnachtskekse.jpg\",\"datePublished\":\"2025-10-28T08:44:34+00:00\",\"dateModified\":\"2025-10-28T08:44:35+00:00\",\"author\":{\"@id\":\"https:\/\/www.jungborn.de\/blog\/#\/schema\/person\/adab51921725e39986fa0ca426ce03c4\"},\"description\":\"Wenn es um Pl\u00e4tzchenteig geht, hat, glaube ich, jede Familie in Deutschland ihr eigenes Lieblingsrezept. Wir haben unseres von den Els\u00e4ssern\",\"breadcrumb\":{\"@id\":\"https:\/\/www.jungborn.de\/blog\/elsaesser-bredele-kekse-a-la-cannelle\/#breadcrumb\"},\"inLanguage\":\"de\",\"potentialAction\":[{\"@type\":\"ReadAction\",\"target\":[\"https:\/\/www.jungborn.de\/blog\/elsaesser-bredele-kekse-a-la-cannelle\/\"]}]},{\"@type\":\"ImageObject\",\"inLanguage\":\"de\",\"@id\":\"https:\/\/www.jungborn.de\/blog\/elsaesser-bredele-kekse-a-la-cannelle\/#primaryimage\",\"url\":\"https:\/\/www.jungborn.de\/blog\/wp-content\/uploads\/2025\/10\/Bredele_Weihnachtskekse.jpg\",\"contentUrl\":\"https:\/\/www.jungborn.de\/blog\/wp-content\/uploads\/2025\/10\/Bredele_Weihnachtskekse.jpg\",\"width\":1200,\"height\":1600,\"caption\":\"Foto: Adobe Stock \/ Maurice Metzger\"},{\"@type\":\"BreadcrumbList\",\"@id\":\"https:\/\/www.jungborn.de\/blog\/elsaesser-bredele-kekse-a-la-cannelle\/#breadcrumb\",\"itemListElement\":[{\"@type\":\"ListItem\",\"position\":1,\"name\":\"Startseite\",\"item\":\"https:\/\/www.jungborn.de\/blog\/\"},{\"@type\":\"ListItem\",\"position\":2,\"name\":\"Els\u00e4sser Bredele-Kekse \u00e0 la Cannelle\"}]},{\"@type\":\"WebSite\",\"@id\":\"https:\/\/www.jungborn.de\/blog\/#website\",\"url\":\"https:\/\/www.jungborn.de\/blog\/\",\"name\":\"Jungborn Blog \u2026hat immer etwas Besonderes\",\"description\":\"\",\"potentialAction\":[{\"@type\":\"SearchAction\",\"target\":{\"@type\":\"EntryPoint\",\"urlTemplate\":\"https:\/\/www.jungborn.de\/blog\/?s={search_term_string}\"},\"query-input\":{\"@type\":\"PropertyValueSpecification\",\"valueRequired\":true,\"valueName\":\"search_term_string\"}}],\"inLanguage\":\"de\"},{\"@type\":\"Person\",\"@id\":\"https:\/\/www.jungborn.de\/blog\/#\/schema\/person\/adab51921725e39986fa0ca426ce03c4\",\"name\":\"Elias Bortel\",\"image\":{\"@type\":\"ImageObject\",\"inLanguage\":\"de\",\"@id\":\"https:\/\/secure.gravatar.com\/avatar\/dd569887fbc3bdb553309ee09fc65651ddf5fd5021b551fedd3b115e80681e4a?s=96&d=mm&r=g\",\"url\":\"https:\/\/secure.gravatar.com\/avatar\/dd569887fbc3bdb553309ee09fc65651ddf5fd5021b551fedd3b115e80681e4a?s=96&d=mm&r=g\",\"contentUrl\":\"https:\/\/secure.gravatar.com\/avatar\/dd569887fbc3bdb553309ee09fc65651ddf5fd5021b551fedd3b115e80681e4a?s=96&d=mm&r=g\",\"caption\":\"Elias Bortel\"},\"url\":\"https:\/\/www.jungborn.de\/blog\/author\/elias-borteljungborn-de\/\"}]}<\/script>\n<!-- \/ Yoast SEO plugin. -->","yoast_head_json":{"title":"Els\u00e4sser Bredele-Kekse \u00e0 la Cannelle - Jungborn Blog \u2026hat immer etwas Besonderes","description":"Wenn es um Pl\u00e4tzchenteig geht, hat, glaube ich, jede Familie in Deutschland ihr eigenes Lieblingsrezept. Wir haben unseres von den Els\u00e4ssern","robots":{"index":"index","follow":"follow","max-snippet":"max-snippet:-1","max-image-preview":"max-image-preview:large","max-video-preview":"max-video-preview:-1"},"canonical":"https:\/\/www.jungborn.de\/blog\/elsaesser-bredele-kekse-a-la-cannelle\/","og_locale":"de_DE","og_type":"article","og_title":"Els\u00e4sser Bredele-Kekse \u00e0 la Cannelle - Jungborn Blog \u2026hat immer etwas Besonderes","og_description":"Wenn es um Pl\u00e4tzchenteig geht, hat, glaube ich, jede Familie in Deutschland ihr eigenes Lieblingsrezept. Wir haben unseres von den Els\u00e4ssern","og_url":"https:\/\/www.jungborn.de\/blog\/elsaesser-bredele-kekse-a-la-cannelle\/","og_site_name":"Jungborn Blog \u2026hat immer etwas Besonderes","article_published_time":"2025-10-28T08:44:34+00:00","article_modified_time":"2025-10-28T08:44:35+00:00","og_image":[{"width":1200,"height":1600,"url":"https:\/\/www.jungborn.de\/blog\/wp-content\/uploads\/2025\/10\/Bredele_Weihnachtskekse.jpg","type":"image\/jpeg"}],"author":"Elias Bortel","twitter_card":"summary_large_image","twitter_misc":{"Verfasst von":"Elias Bortel","Gesch\u00e4tzte Lesezeit":"3\u00a0Minuten"},"schema":{"@context":"https:\/\/schema.org","@graph":[{"@type":"Article","@id":"https:\/\/www.jungborn.de\/blog\/elsaesser-bredele-kekse-a-la-cannelle\/#article","isPartOf":{"@id":"https:\/\/www.jungborn.de\/blog\/elsaesser-bredele-kekse-a-la-cannelle\/"},"author":{"name":"Elias Bortel","@id":"https:\/\/www.jungborn.de\/blog\/#\/schema\/person\/adab51921725e39986fa0ca426ce03c4"},"headline":"Els\u00e4sser Bredele-Kekse \u00e0 la Cannelle","datePublished":"2025-10-28T08:44:34+00:00","dateModified":"2025-10-28T08:44:35+00:00","mainEntityOfPage":{"@id":"https:\/\/www.jungborn.de\/blog\/elsaesser-bredele-kekse-a-la-cannelle\/"},"wordCount":308,"commentCount":0,"image":{"@id":"https:\/\/www.jungborn.de\/blog\/elsaesser-bredele-kekse-a-la-cannelle\/#primaryimage"},"thumbnailUrl":"https:\/\/www.jungborn.de\/blog\/wp-content\/uploads\/2025\/10\/Bredele_Weihnachtskekse.jpg","keywords":["Backen","Einfach","Kekse","Rezept","Saskia Vester","Weihnachten"],"articleSection":["Aktuelles","Saskia Vesters Lieblingsrezepte","Weihnachtliche Rezepte"],"inLanguage":"de","potentialAction":[{"@type":"CommentAction","name":"Comment","target":["https:\/\/www.jungborn.de\/blog\/elsaesser-bredele-kekse-a-la-cannelle\/#respond"]}]},{"@type":"WebPage","@id":"https:\/\/www.jungborn.de\/blog\/elsaesser-bredele-kekse-a-la-cannelle\/","url":"https:\/\/www.jungborn.de\/blog\/elsaesser-bredele-kekse-a-la-cannelle\/","name":"Els\u00e4sser Bredele-Kekse \u00e0 la Cannelle - Jungborn Blog \u2026hat immer etwas Besonderes","isPartOf":{"@id":"https:\/\/www.jungborn.de\/blog\/#website"},"primaryImageOfPage":{"@id":"https:\/\/www.jungborn.de\/blog\/elsaesser-bredele-kekse-a-la-cannelle\/#primaryimage"},"image":{"@id":"https:\/\/www.jungborn.de\/blog\/elsaesser-bredele-kekse-a-la-cannelle\/#primaryimage"},"thumbnailUrl":"https:\/\/www.jungborn.de\/blog\/wp-content\/uploads\/2025\/10\/Bredele_Weihnachtskekse.jpg","datePublished":"2025-10-28T08:44:34+00:00","dateModified":"2025-10-28T08:44:35+00:00","author":{"@id":"https:\/\/www.jungborn.de\/blog\/#\/schema\/person\/adab51921725e39986fa0ca426ce03c4"},"description":"Wenn es um Pl\u00e4tzchenteig geht, hat, glaube ich, jede Familie in Deutschland ihr eigenes Lieblingsrezept. Wir haben unseres von den Els\u00e4ssern","breadcrumb":{"@id":"https:\/\/www.jungborn.de\/blog\/elsaesser-bredele-kekse-a-la-cannelle\/#breadcrumb"},"inLanguage":"de","potentialAction":[{"@type":"ReadAction","target":["https:\/\/www.jungborn.de\/blog\/elsaesser-bredele-kekse-a-la-cannelle\/"]}]},{"@type":"ImageObject","inLanguage":"de","@id":"https:\/\/www.jungborn.de\/blog\/elsaesser-bredele-kekse-a-la-cannelle\/#primaryimage","url":"https:\/\/www.jungborn.de\/blog\/wp-content\/uploads\/2025\/10\/Bredele_Weihnachtskekse.jpg","contentUrl":"https:\/\/www.jungborn.de\/blog\/wp-content\/uploads\/2025\/10\/Bredele_Weihnachtskekse.jpg","width":1200,"height":1600,"caption":"Foto: Adobe Stock \/ Maurice Metzger"},{"@type":"BreadcrumbList","@id":"https:\/\/www.jungborn.de\/blog\/elsaesser-bredele-kekse-a-la-cannelle\/#breadcrumb","itemListElement":[{"@type":"ListItem","position":1,"name":"Startseite","item":"https:\/\/www.jungborn.de\/blog\/"},{"@type":"ListItem","position":2,"name":"Els\u00e4sser Bredele-Kekse \u00e0 la Cannelle"}]},{"@type":"WebSite","@id":"https:\/\/www.jungborn.de\/blog\/#website","url":"https:\/\/www.jungborn.de\/blog\/","name":"Jungborn Blog \u2026hat immer etwas Besonderes","description":"","potentialAction":[{"@type":"SearchAction","target":{"@type":"EntryPoint","urlTemplate":"https:\/\/www.jungborn.de\/blog\/?s={search_term_string}"},"query-input":{"@type":"PropertyValueSpecification","valueRequired":true,"valueName":"search_term_string"}}],"inLanguage":"de"},{"@type":"Person","@id":"https:\/\/www.jungborn.de\/blog\/#\/schema\/person\/adab51921725e39986fa0ca426ce03c4","name":"Elias Bortel","image":{"@type":"ImageObject","inLanguage":"de","@id":"https:\/\/secure.gravatar.com\/avatar\/dd569887fbc3bdb553309ee09fc65651ddf5fd5021b551fedd3b115e80681e4a?s=96&d=mm&r=g","url":"https:\/\/secure.gravatar.com\/avatar\/dd569887fbc3bdb553309ee09fc65651ddf5fd5021b551fedd3b115e80681e4a?s=96&d=mm&r=g","contentUrl":"https:\/\/secure.gravatar.com\/avatar\/dd569887fbc3bdb553309ee09fc65651ddf5fd5021b551fedd3b115e80681e4a?s=96&d=mm&r=g","caption":"Elias Bortel"},"url":"https:\/\/www.jungborn.de\/blog\/author\/elias-borteljungborn-de\/"}]}},"_links":{"self":[{"href":"https:\/\/www.jungborn.de\/blog\/wp-json\/wp\/v2\/posts\/7059","targetHints":{"allow":["GET"]}}],"collection":[{"href":"https:\/\/www.jungborn.de\/blog\/wp-json\/wp\/v2\/posts"}],"about":[{"href":"https:\/\/www.jungborn.de\/blog\/wp-json\/wp\/v2\/types\/post"}],"author":[{"embeddable":true,"href":"https:\/\/www.jungborn.de\/blog\/wp-json\/wp\/v2\/users\/13"}],"replies":[{"embeddable":true,"href":"https:\/\/www.jungborn.de\/blog\/wp-json\/wp\/v2\/comments?post=7059"}],"version-history":[{"count":2,"href":"https:\/\/www.jungborn.de\/blog\/wp-json\/wp\/v2\/posts\/7059\/revisions"}],"predecessor-version":[{"id":7123,"href":"https:\/\/www.jungborn.de\/blog\/wp-json\/wp\/v2\/posts\/7059\/revisions\/7123"}],"wp:featuredmedia":[{"embeddable":true,"href":"https:\/\/www.jungborn.de\/blog\/wp-json\/wp\/v2\/media\/7060"}],"wp:attachment":[{"href":"https:\/\/www.jungborn.de\/blog\/wp-json\/wp\/v2\/media?parent=7059"}],"wp:term":[{"taxonomy":"category","embeddable":true,"href":"https:\/\/www.jungborn.de\/blog\/wp-json\/wp\/v2\/categories?post=7059"},{"taxonomy":"post_tag","embeddable":true,"href":"https:\/\/www.jungborn.de\/blog\/wp-json\/wp\/v2\/tags?post=7059"}],"curies":[{"name":"wp","href":"https:\/\/api.w.org\/{rel}","templated":true}]}}