{"id":6802,"date":"2025-09-01T14:15:26","date_gmt":"2025-09-01T12:15:26","guid":{"rendered":"https:\/\/www.jungborn.de\/blog\/?p=6802"},"modified":"2025-09-01T14:15:27","modified_gmt":"2025-09-01T12:15:27","slug":"3-gruende-die-fuer-ogo-kaffee-sprechen","status":"publish","type":"post","link":"https:\/\/www.jungborn.de\/blog\/3-gruende-die-fuer-ogo-kaffee-sprechen\/","title":{"rendered":"3 Gr\u00fcnde, die f\u00fcr Ogo Kaffee sprechen"},"content":{"rendered":"\n<p>Kaum eine Ware ist so sehr mit der Hansestadt Bremen verbunden wie Kaffee. Denn bereits im Jahre 1673 er\u00f6ffnete der Niederl\u00e4nder Jan Jahns van Huisten das erste Kaffee\u00adhaus in Bremen und damit das erste im gesamten deutsch\u00adsprachigen Raum. Die Marke Ogo-Kaffee ist eng verkn\u00fcpft mit dieser hanseatischen Tradition.<br>Mit Ogo Manufaktur\u00adkaffee bieten wir Ihnen seit 98 Jahren handwerklich ger\u00f6steten Kaffee aus den besten Anbaugebieten der Welt \u2013 mit Leidenschaft, Erfahrung und einem feinen Gesp\u00fcr f\u00fcr au\u00dfergew\u00f6hnliche Qualit\u00e4t und feinsten Geschmack.<\/p>\n\n\n<div class=\"wp-block-image\">\n<figure class=\"aligncenter size-full is-resized\"><img loading=\"lazy\" decoding=\"async\" width=\"453\" height=\"554\" src=\"https:\/\/www.jungborn.de\/blog\/wp-content\/uploads\/2025\/08\/98_Jahre_Logo_Ogo.png\" alt=\"\" class=\"wp-image-6803\" style=\"width:242px;height:auto\" srcset=\"https:\/\/www.jungborn.de\/blog\/wp-content\/uploads\/2025\/08\/98_Jahre_Logo_Ogo.png 453w, https:\/\/www.jungborn.de\/blog\/wp-content\/uploads\/2025\/08\/98_Jahre_Logo_Ogo-245x300.png 245w, https:\/\/www.jungborn.de\/blog\/wp-content\/uploads\/2025\/08\/98_Jahre_Logo_Ogo-380x465.png 380w\" sizes=\"auto, (max-width: 453px) 100vw, 453px\" \/><\/figure><\/div>\n\n\n<h2 id=\"was-macht-ogo-heute-noch-besonders\" class=\"wp-block-heading\">Was macht Ogo heute noch besonders?<\/h2>\n\n\n\n<ol class=\"wp-block-list\">\n<li><strong>Die Auswahl exklu\u00adsiver Roh\u00adkaffees<\/strong> Sie ist eine hohe Kunst, die viel Spezialwissen und Erfahrung ben\u00f6tigt, damit wirklich erstklassige Bohnen aus den besten Anbaugebieten der Welt ihren Weg zu uns und somit zu Ihnen finden.<\/li>\n\n\n\n<li><strong>Das \u201eOgo Schon\u00adr\u00f6stverfahren\u201c<\/strong> Beim R\u00f6sten ist viel Fingerspitzengef\u00fchl gefragt. Die Kaffeebohnen werden mit einem schonenden und langsamen Trommel\u00adr\u00f6stverfahren ger\u00f6stet, um S\u00e4uren behutsam abzubauen und ein feingliedriges Aroma zu entwickeln. Das daf\u00fcr notwendige mehr an Zeit lohnt sich allemal f\u00fcr ein opti\u00admales und sehr ausgewogenes Geschmacks\u00adprofil, das ist eine wahre Kunst! So werden w\u00e4hrend des R\u00f6stprozesses bis zu 8 Proben aus der Trommel entnommen, um den optimalen R\u00f6stgrad zu bestimmen.<\/li>\n\n\n\n<li><strong>Unsere Sorten\u00adkompositionen<\/strong> Die Komposition der verschiedenen Sorten auf gleichbleibend hohem Qualit\u00e4tsniveau \u2013 von Extra Mild bis zur Hochland Auslese: Unser Ogo Kaffeemeister schafft es meisterhaft, mit besten Arabica-Bohnen trotz jahreszeitlicher Schwankungen mit perfekt abgestimmten Rezepturen die Einzigartigkeit jeder Sorte dauerhaft zu gew\u00e4hrleisten.<\/li>\n<\/ol>\n\n\n\n<h2 id=\"extra-tipp-unsere-exklusiven-motivdosen\" class=\"wp-block-heading\">Extra-Tipp: Unsere exklusiven Motivdosen<\/h2>\n\n\n\n<p>Unsere <a href=\"https:\/\/www.jungborn.de\/ogo-kuenstlerdosen\/\" target=\"_blank\" rel=\"noreferrer noopener\">Ogo K\u00fcnstlerdose<\/a> mit wechselnden, liebevoll gestalteten Motiven und gef\u00fcllt mit bestem Ogo Kaffee \u2013 ideal zum Sammeln oder Verschenken. G\u00f6nnen Sie sich eine Tasse Ogo \u2013 und genie\u00dfen Sie das gute Gef\u00fchl, etwas Besonderes zu trinken.<\/p>\n\n\n\n<figure class=\"wp-block-image size-large\"><a href=\"https:\/\/www.jungborn.de\/extra-mild-gem.-in-kuenstlerdose-ogo-397802\/\" target=\"_blank\" rel=\" noreferrer noopener\"><img loading=\"lazy\" decoding=\"async\" width=\"768\" height=\"1024\" src=\"https:\/\/www.jungborn.de\/blog\/wp-content\/uploads\/2025\/08\/Kuenstlerdose-768x1024.jpg\" alt=\"\" class=\"wp-image-6804\" srcset=\"https:\/\/www.jungborn.de\/blog\/wp-content\/uploads\/2025\/08\/Kuenstlerdose-768x1024.jpg 768w, https:\/\/www.jungborn.de\/blog\/wp-content\/uploads\/2025\/08\/Kuenstlerdose-225x300.jpg 225w, https:\/\/www.jungborn.de\/blog\/wp-content\/uploads\/2025\/08\/Kuenstlerdose-1152x1536.jpg 1152w, https:\/\/www.jungborn.de\/blog\/wp-content\/uploads\/2025\/08\/Kuenstlerdose-380x507.jpg 380w, https:\/\/www.jungborn.de\/blog\/wp-content\/uploads\/2025\/08\/Kuenstlerdose-800x1067.jpg 800w, https:\/\/www.jungborn.de\/blog\/wp-content\/uploads\/2025\/08\/Kuenstlerdose-1160x1547.jpg 1160w, https:\/\/www.jungborn.de\/blog\/wp-content\/uploads\/2025\/08\/Kuenstlerdose-640x853.jpg 640w, https:\/\/www.jungborn.de\/blog\/wp-content\/uploads\/2025\/08\/Kuenstlerdose.jpg 1200w\" sizes=\"auto, (max-width: 768px) 100vw, 768px\" \/><\/a><figcaption class=\"wp-element-caption\">Foto: Jungborn<\/figcaption><\/figure>\n\n\n\n<div class=\"wp-block-group aligncenter\"><div class=\"wp-block-group__inner-container is-layout-constrained wp-block-group-is-layout-constrained\">\n<div class=\"wp-block-columns is-layout-flex wp-container-core-columns-is-layout-9d6595d7 wp-block-columns-is-layout-flex\">\n<div class=\"wp-block-column is-layout-flow wp-block-column-is-layout-flow\" style=\"flex-basis:100%\">\n<div class=\"wp-block-buttons is-content-justification-center is-layout-flex wp-container-core-buttons-is-layout-16018d1d wp-block-buttons-is-layout-flex\">\n<div class=\"wp-block-button\"><a class=\"wp-block-button__link has-text-align-center wp-element-button\" href=\"https:\/\/www.jungborn.de\/blog\/kaffeedosen-zum-sammeln-verschenken\/\" target=\"_blank\" rel=\"noreferrer noopener\">Erfahren Sie mehr \u00fcber unsere K\u00fcnstlerdosen<\/a><\/div>\n<\/div>\n<\/div>\n<\/div>\n<\/div><\/div>\n\n\n\n<p><\/p>\n\n\n\n<p><\/p>\n\n\n\n<p><\/p>\n\n\n\n<p><\/p>\n\n\n\n<p><\/p>\n\n\n\n<p><\/p>\n\n\n\n<p><\/p>\n","protected":false},"excerpt":{"rendered":"Kaum eine Ware ist so sehr mit der Hansestadt Bremen verbunden wie Kaffee. Denn bereits im Jahre 1673&hellip;\n","protected":false},"author":13,"featured_media":6806,"comment_status":"open","ping_status":"open","sticky":false,"template":"","format":"standard","meta":{"footnotes":""},"categories":[286,396,362],"tags":[11,365,342],"class_list":{"0":"post-6802","1":"post","2":"type-post","3":"status-publish","4":"format-standard","5":"has-post-thumbnail","7":"category-aktuelles","8":"category-kaffeewissen","9":"category-ueber-jungborn","10":"tag-kaffee","11":"tag-ogo","12":"tag-ogo-kuenstlerkaffeedosen"},"yoast_head":"<!-- This site is optimized with the Yoast SEO plugin v27.2 - https:\/\/yoast.com\/product\/yoast-seo-wordpress\/ -->\n<title>3 Gr\u00fcnde, die f\u00fcr Ogo Kaffee sprechen - Jungborn Blog \u2026hat immer etwas Besonderes<\/title>\n<meta name=\"description\" content=\"Kaum eine Ware ist so sehr mit der Hansestadt Bremen verbunden wie Kaffee. Denn bereits im Jahre 1673 er\u00f6ffnete der Niederl\u00e4nder Jan Jahns\" \/>\n<meta name=\"robots\" content=\"index, follow, max-snippet:-1, max-image-preview:large, max-video-preview:-1\" \/>\n<link rel=\"canonical\" href=\"https:\/\/www.jungborn.de\/blog\/3-gruende-die-fuer-ogo-kaffee-sprechen\/\" \/>\n<meta property=\"og:locale\" content=\"de_DE\" \/>\n<meta property=\"og:type\" content=\"article\" \/>\n<meta property=\"og:title\" content=\"3 Gr\u00fcnde, die f\u00fcr Ogo Kaffee sprechen - Jungborn Blog \u2026hat immer etwas Besonderes\" \/>\n<meta property=\"og:description\" content=\"Kaum eine Ware ist so sehr mit der Hansestadt Bremen verbunden wie Kaffee. Denn bereits im Jahre 1673 er\u00f6ffnete der Niederl\u00e4nder Jan Jahns\" \/>\n<meta property=\"og:url\" content=\"https:\/\/www.jungborn.de\/blog\/3-gruende-die-fuer-ogo-kaffee-sprechen\/\" \/>\n<meta property=\"og:site_name\" content=\"Jungborn Blog \u2026hat immer etwas Besonderes\" \/>\n<meta property=\"article:published_time\" content=\"2025-09-01T12:15:26+00:00\" \/>\n<meta property=\"article:modified_time\" content=\"2025-09-01T12:15:27+00:00\" \/>\n<meta property=\"og:image\" content=\"https:\/\/www.jungborn.de\/blog\/wp-content\/uploads\/2025\/08\/Kaffeegenuss.jpg\" \/>\n\t<meta property=\"og:image:width\" content=\"1200\" \/>\n\t<meta property=\"og:image:height\" content=\"1600\" \/>\n\t<meta property=\"og:image:type\" content=\"image\/jpeg\" \/>\n<meta name=\"author\" content=\"Elias Bortel\" \/>\n<meta name=\"twitter:card\" content=\"summary_large_image\" \/>\n<meta name=\"twitter:label1\" content=\"Verfasst von\" \/>\n\t<meta name=\"twitter:data1\" content=\"Elias Bortel\" \/>\n\t<meta name=\"twitter:label2\" content=\"Gesch\u00e4tzte Lesezeit\" \/>\n\t<meta name=\"twitter:data2\" content=\"3\u00a0Minuten\" \/>\n<script type=\"application\/ld+json\" class=\"yoast-schema-graph\">{\"@context\":\"https:\/\/schema.org\",\"@graph\":[{\"@type\":\"Article\",\"@id\":\"https:\/\/www.jungborn.de\/blog\/3-gruende-die-fuer-ogo-kaffee-sprechen\/#article\",\"isPartOf\":{\"@id\":\"https:\/\/www.jungborn.de\/blog\/3-gruende-die-fuer-ogo-kaffee-sprechen\/\"},\"author\":{\"name\":\"Elias Bortel\",\"@id\":\"https:\/\/www.jungborn.de\/blog\/#\/schema\/person\/adab51921725e39986fa0ca426ce03c4\"},\"headline\":\"3 Gr\u00fcnde, die f\u00fcr Ogo Kaffee sprechen\",\"datePublished\":\"2025-09-01T12:15:26+00:00\",\"dateModified\":\"2025-09-01T12:15:27+00:00\",\"mainEntityOfPage\":{\"@id\":\"https:\/\/www.jungborn.de\/blog\/3-gruende-die-fuer-ogo-kaffee-sprechen\/\"},\"wordCount\":320,\"commentCount\":0,\"image\":{\"@id\":\"https:\/\/www.jungborn.de\/blog\/3-gruende-die-fuer-ogo-kaffee-sprechen\/#primaryimage\"},\"thumbnailUrl\":\"https:\/\/www.jungborn.de\/blog\/wp-content\/uploads\/2025\/08\/Kaffeegenuss.jpg\",\"keywords\":[\"Kaffee\",\"Ogo\",\"Ogo-K\u00fcnstlerkaffeedosen\"],\"articleSection\":[\"Aktuelles\",\"Kaffeewissen\",\"\u00dcber Jungborn\"],\"inLanguage\":\"de\",\"potentialAction\":[{\"@type\":\"CommentAction\",\"name\":\"Comment\",\"target\":[\"https:\/\/www.jungborn.de\/blog\/3-gruende-die-fuer-ogo-kaffee-sprechen\/#respond\"]}]},{\"@type\":\"WebPage\",\"@id\":\"https:\/\/www.jungborn.de\/blog\/3-gruende-die-fuer-ogo-kaffee-sprechen\/\",\"url\":\"https:\/\/www.jungborn.de\/blog\/3-gruende-die-fuer-ogo-kaffee-sprechen\/\",\"name\":\"3 Gr\u00fcnde, die f\u00fcr Ogo Kaffee sprechen - Jungborn Blog \u2026hat immer etwas Besonderes\",\"isPartOf\":{\"@id\":\"https:\/\/www.jungborn.de\/blog\/#website\"},\"primaryImageOfPage\":{\"@id\":\"https:\/\/www.jungborn.de\/blog\/3-gruende-die-fuer-ogo-kaffee-sprechen\/#primaryimage\"},\"image\":{\"@id\":\"https:\/\/www.jungborn.de\/blog\/3-gruende-die-fuer-ogo-kaffee-sprechen\/#primaryimage\"},\"thumbnailUrl\":\"https:\/\/www.jungborn.de\/blog\/wp-content\/uploads\/2025\/08\/Kaffeegenuss.jpg\",\"datePublished\":\"2025-09-01T12:15:26+00:00\",\"dateModified\":\"2025-09-01T12:15:27+00:00\",\"author\":{\"@id\":\"https:\/\/www.jungborn.de\/blog\/#\/schema\/person\/adab51921725e39986fa0ca426ce03c4\"},\"description\":\"Kaum eine Ware ist so sehr mit der Hansestadt Bremen verbunden wie Kaffee. Denn bereits im Jahre 1673 er\u00f6ffnete der Niederl\u00e4nder Jan Jahns\",\"breadcrumb\":{\"@id\":\"https:\/\/www.jungborn.de\/blog\/3-gruende-die-fuer-ogo-kaffee-sprechen\/#breadcrumb\"},\"inLanguage\":\"de\",\"potentialAction\":[{\"@type\":\"ReadAction\",\"target\":[\"https:\/\/www.jungborn.de\/blog\/3-gruende-die-fuer-ogo-kaffee-sprechen\/\"]}]},{\"@type\":\"ImageObject\",\"inLanguage\":\"de\",\"@id\":\"https:\/\/www.jungborn.de\/blog\/3-gruende-die-fuer-ogo-kaffee-sprechen\/#primaryimage\",\"url\":\"https:\/\/www.jungborn.de\/blog\/wp-content\/uploads\/2025\/08\/Kaffeegenuss.jpg\",\"contentUrl\":\"https:\/\/www.jungborn.de\/blog\/wp-content\/uploads\/2025\/08\/Kaffeegenuss.jpg\",\"width\":1200,\"height\":1600,\"caption\":\"Foto: Adobe Stock \/ franz12\"},{\"@type\":\"BreadcrumbList\",\"@id\":\"https:\/\/www.jungborn.de\/blog\/3-gruende-die-fuer-ogo-kaffee-sprechen\/#breadcrumb\",\"itemListElement\":[{\"@type\":\"ListItem\",\"position\":1,\"name\":\"Startseite\",\"item\":\"https:\/\/www.jungborn.de\/blog\/\"},{\"@type\":\"ListItem\",\"position\":2,\"name\":\"3 Gr\u00fcnde, die f\u00fcr Ogo Kaffee sprechen\"}]},{\"@type\":\"WebSite\",\"@id\":\"https:\/\/www.jungborn.de\/blog\/#website\",\"url\":\"https:\/\/www.jungborn.de\/blog\/\",\"name\":\"Jungborn Blog \u2026hat immer etwas Besonderes\",\"description\":\"\",\"potentialAction\":[{\"@type\":\"SearchAction\",\"target\":{\"@type\":\"EntryPoint\",\"urlTemplate\":\"https:\/\/www.jungborn.de\/blog\/?s={search_term_string}\"},\"query-input\":{\"@type\":\"PropertyValueSpecification\",\"valueRequired\":true,\"valueName\":\"search_term_string\"}}],\"inLanguage\":\"de\"},{\"@type\":\"Person\",\"@id\":\"https:\/\/www.jungborn.de\/blog\/#\/schema\/person\/adab51921725e39986fa0ca426ce03c4\",\"name\":\"Elias Bortel\",\"image\":{\"@type\":\"ImageObject\",\"inLanguage\":\"de\",\"@id\":\"https:\/\/secure.gravatar.com\/avatar\/dd569887fbc3bdb553309ee09fc65651ddf5fd5021b551fedd3b115e80681e4a?s=96&d=mm&r=g\",\"url\":\"https:\/\/secure.gravatar.com\/avatar\/dd569887fbc3bdb553309ee09fc65651ddf5fd5021b551fedd3b115e80681e4a?s=96&d=mm&r=g\",\"contentUrl\":\"https:\/\/secure.gravatar.com\/avatar\/dd569887fbc3bdb553309ee09fc65651ddf5fd5021b551fedd3b115e80681e4a?s=96&d=mm&r=g\",\"caption\":\"Elias Bortel\"},\"url\":\"https:\/\/www.jungborn.de\/blog\/author\/elias-borteljungborn-de\/\"}]}<\/script>\n<!-- \/ Yoast SEO plugin. -->","yoast_head_json":{"title":"3 Gr\u00fcnde, die f\u00fcr Ogo Kaffee sprechen - Jungborn Blog \u2026hat immer etwas Besonderes","description":"Kaum eine Ware ist so sehr mit der Hansestadt Bremen verbunden wie Kaffee. Denn bereits im Jahre 1673 er\u00f6ffnete der Niederl\u00e4nder Jan Jahns","robots":{"index":"index","follow":"follow","max-snippet":"max-snippet:-1","max-image-preview":"max-image-preview:large","max-video-preview":"max-video-preview:-1"},"canonical":"https:\/\/www.jungborn.de\/blog\/3-gruende-die-fuer-ogo-kaffee-sprechen\/","og_locale":"de_DE","og_type":"article","og_title":"3 Gr\u00fcnde, die f\u00fcr Ogo Kaffee sprechen - Jungborn Blog \u2026hat immer etwas Besonderes","og_description":"Kaum eine Ware ist so sehr mit der Hansestadt Bremen verbunden wie Kaffee. Denn bereits im Jahre 1673 er\u00f6ffnete der Niederl\u00e4nder Jan Jahns","og_url":"https:\/\/www.jungborn.de\/blog\/3-gruende-die-fuer-ogo-kaffee-sprechen\/","og_site_name":"Jungborn Blog \u2026hat immer etwas Besonderes","article_published_time":"2025-09-01T12:15:26+00:00","article_modified_time":"2025-09-01T12:15:27+00:00","og_image":[{"width":1200,"height":1600,"url":"https:\/\/www.jungborn.de\/blog\/wp-content\/uploads\/2025\/08\/Kaffeegenuss.jpg","type":"image\/jpeg"}],"author":"Elias Bortel","twitter_card":"summary_large_image","twitter_misc":{"Verfasst von":"Elias Bortel","Gesch\u00e4tzte Lesezeit":"3\u00a0Minuten"},"schema":{"@context":"https:\/\/schema.org","@graph":[{"@type":"Article","@id":"https:\/\/www.jungborn.de\/blog\/3-gruende-die-fuer-ogo-kaffee-sprechen\/#article","isPartOf":{"@id":"https:\/\/www.jungborn.de\/blog\/3-gruende-die-fuer-ogo-kaffee-sprechen\/"},"author":{"name":"Elias Bortel","@id":"https:\/\/www.jungborn.de\/blog\/#\/schema\/person\/adab51921725e39986fa0ca426ce03c4"},"headline":"3 Gr\u00fcnde, die f\u00fcr Ogo Kaffee sprechen","datePublished":"2025-09-01T12:15:26+00:00","dateModified":"2025-09-01T12:15:27+00:00","mainEntityOfPage":{"@id":"https:\/\/www.jungborn.de\/blog\/3-gruende-die-fuer-ogo-kaffee-sprechen\/"},"wordCount":320,"commentCount":0,"image":{"@id":"https:\/\/www.jungborn.de\/blog\/3-gruende-die-fuer-ogo-kaffee-sprechen\/#primaryimage"},"thumbnailUrl":"https:\/\/www.jungborn.de\/blog\/wp-content\/uploads\/2025\/08\/Kaffeegenuss.jpg","keywords":["Kaffee","Ogo","Ogo-K\u00fcnstlerkaffeedosen"],"articleSection":["Aktuelles","Kaffeewissen","\u00dcber Jungborn"],"inLanguage":"de","potentialAction":[{"@type":"CommentAction","name":"Comment","target":["https:\/\/www.jungborn.de\/blog\/3-gruende-die-fuer-ogo-kaffee-sprechen\/#respond"]}]},{"@type":"WebPage","@id":"https:\/\/www.jungborn.de\/blog\/3-gruende-die-fuer-ogo-kaffee-sprechen\/","url":"https:\/\/www.jungborn.de\/blog\/3-gruende-die-fuer-ogo-kaffee-sprechen\/","name":"3 Gr\u00fcnde, die f\u00fcr Ogo Kaffee sprechen - Jungborn Blog \u2026hat immer etwas Besonderes","isPartOf":{"@id":"https:\/\/www.jungborn.de\/blog\/#website"},"primaryImageOfPage":{"@id":"https:\/\/www.jungborn.de\/blog\/3-gruende-die-fuer-ogo-kaffee-sprechen\/#primaryimage"},"image":{"@id":"https:\/\/www.jungborn.de\/blog\/3-gruende-die-fuer-ogo-kaffee-sprechen\/#primaryimage"},"thumbnailUrl":"https:\/\/www.jungborn.de\/blog\/wp-content\/uploads\/2025\/08\/Kaffeegenuss.jpg","datePublished":"2025-09-01T12:15:26+00:00","dateModified":"2025-09-01T12:15:27+00:00","author":{"@id":"https:\/\/www.jungborn.de\/blog\/#\/schema\/person\/adab51921725e39986fa0ca426ce03c4"},"description":"Kaum eine Ware ist so sehr mit der Hansestadt Bremen verbunden wie Kaffee. Denn bereits im Jahre 1673 er\u00f6ffnete der Niederl\u00e4nder Jan Jahns","breadcrumb":{"@id":"https:\/\/www.jungborn.de\/blog\/3-gruende-die-fuer-ogo-kaffee-sprechen\/#breadcrumb"},"inLanguage":"de","potentialAction":[{"@type":"ReadAction","target":["https:\/\/www.jungborn.de\/blog\/3-gruende-die-fuer-ogo-kaffee-sprechen\/"]}]},{"@type":"ImageObject","inLanguage":"de","@id":"https:\/\/www.jungborn.de\/blog\/3-gruende-die-fuer-ogo-kaffee-sprechen\/#primaryimage","url":"https:\/\/www.jungborn.de\/blog\/wp-content\/uploads\/2025\/08\/Kaffeegenuss.jpg","contentUrl":"https:\/\/www.jungborn.de\/blog\/wp-content\/uploads\/2025\/08\/Kaffeegenuss.jpg","width":1200,"height":1600,"caption":"Foto: Adobe Stock \/ franz12"},{"@type":"BreadcrumbList","@id":"https:\/\/www.jungborn.de\/blog\/3-gruende-die-fuer-ogo-kaffee-sprechen\/#breadcrumb","itemListElement":[{"@type":"ListItem","position":1,"name":"Startseite","item":"https:\/\/www.jungborn.de\/blog\/"},{"@type":"ListItem","position":2,"name":"3 Gr\u00fcnde, die f\u00fcr Ogo Kaffee sprechen"}]},{"@type":"WebSite","@id":"https:\/\/www.jungborn.de\/blog\/#website","url":"https:\/\/www.jungborn.de\/blog\/","name":"Jungborn Blog \u2026hat immer etwas Besonderes","description":"","potentialAction":[{"@type":"SearchAction","target":{"@type":"EntryPoint","urlTemplate":"https:\/\/www.jungborn.de\/blog\/?s={search_term_string}"},"query-input":{"@type":"PropertyValueSpecification","valueRequired":true,"valueName":"search_term_string"}}],"inLanguage":"de"},{"@type":"Person","@id":"https:\/\/www.jungborn.de\/blog\/#\/schema\/person\/adab51921725e39986fa0ca426ce03c4","name":"Elias Bortel","image":{"@type":"ImageObject","inLanguage":"de","@id":"https:\/\/secure.gravatar.com\/avatar\/dd569887fbc3bdb553309ee09fc65651ddf5fd5021b551fedd3b115e80681e4a?s=96&d=mm&r=g","url":"https:\/\/secure.gravatar.com\/avatar\/dd569887fbc3bdb553309ee09fc65651ddf5fd5021b551fedd3b115e80681e4a?s=96&d=mm&r=g","contentUrl":"https:\/\/secure.gravatar.com\/avatar\/dd569887fbc3bdb553309ee09fc65651ddf5fd5021b551fedd3b115e80681e4a?s=96&d=mm&r=g","caption":"Elias Bortel"},"url":"https:\/\/www.jungborn.de\/blog\/author\/elias-borteljungborn-de\/"}]}},"_links":{"self":[{"href":"https:\/\/www.jungborn.de\/blog\/wp-json\/wp\/v2\/posts\/6802","targetHints":{"allow":["GET"]}}],"collection":[{"href":"https:\/\/www.jungborn.de\/blog\/wp-json\/wp\/v2\/posts"}],"about":[{"href":"https:\/\/www.jungborn.de\/blog\/wp-json\/wp\/v2\/types\/post"}],"author":[{"embeddable":true,"href":"https:\/\/www.jungborn.de\/blog\/wp-json\/wp\/v2\/users\/13"}],"replies":[{"embeddable":true,"href":"https:\/\/www.jungborn.de\/blog\/wp-json\/wp\/v2\/comments?post=6802"}],"version-history":[{"count":4,"href":"https:\/\/www.jungborn.de\/blog\/wp-json\/wp\/v2\/posts\/6802\/revisions"}],"predecessor-version":[{"id":6809,"href":"https:\/\/www.jungborn.de\/blog\/wp-json\/wp\/v2\/posts\/6802\/revisions\/6809"}],"wp:featuredmedia":[{"embeddable":true,"href":"https:\/\/www.jungborn.de\/blog\/wp-json\/wp\/v2\/media\/6806"}],"wp:attachment":[{"href":"https:\/\/www.jungborn.de\/blog\/wp-json\/wp\/v2\/media?parent=6802"}],"wp:term":[{"taxonomy":"category","embeddable":true,"href":"https:\/\/www.jungborn.de\/blog\/wp-json\/wp\/v2\/categories?post=6802"},{"taxonomy":"post_tag","embeddable":true,"href":"https:\/\/www.jungborn.de\/blog\/wp-json\/wp\/v2\/tags?post=6802"}],"curies":[{"name":"wp","href":"https:\/\/api.w.org\/{rel}","templated":true}]}}