{"id":6220,"date":"2025-04-23T10:37:32","date_gmt":"2025-04-23T08:37:32","guid":{"rendered":"https:\/\/www.jungborn.de\/blog\/?p=6220"},"modified":"2025-06-19T10:53:52","modified_gmt":"2025-06-19T08:53:52","slug":"spargel-mit-geraeuchertem-lachs-avocado","status":"publish","type":"post","link":"https:\/\/www.jungborn.de\/blog\/spargel-mit-geraeuchertem-lachs-avocado\/","title":{"rendered":"Spargel mit ger\u00e4uchertem Lachs &amp; Avocado"},"content":{"rendered":"\n<p>\u201eDie Geschmackskombination aus knackigem Spargel, der aromatischen Avocado und frischer Zitrone ist einfach sensationell \u2013 besonders wenn der Spargel noch lauwarm ist. Wer keinen Fisch mag, kann ihn daher gerne weglassen. F\u00fcr mich gibt der R\u00e4ucherfisch dem Gericht aber einen sch\u00f6nen salzigen Kick!\u201c<\/p>\n\n\n\n<figure class=\"wp-block-image size-large\"><img loading=\"lazy\" decoding=\"async\" width=\"1024\" height=\"709\" src=\"https:\/\/www.jungborn.de\/blog\/wp-content\/uploads\/2025\/04\/Button_Meine_Empfehlung_Saskia_Vester_v3-1024x709.png\" alt=\"\" class=\"wp-image-6263\" srcset=\"https:\/\/www.jungborn.de\/blog\/wp-content\/uploads\/2025\/04\/Button_Meine_Empfehlung_Saskia_Vester_v3-1024x709.png 1024w, https:\/\/www.jungborn.de\/blog\/wp-content\/uploads\/2025\/04\/Button_Meine_Empfehlung_Saskia_Vester_v3-300x208.png 300w, https:\/\/www.jungborn.de\/blog\/wp-content\/uploads\/2025\/04\/Button_Meine_Empfehlung_Saskia_Vester_v3-768x532.png 768w, https:\/\/www.jungborn.de\/blog\/wp-content\/uploads\/2025\/04\/Button_Meine_Empfehlung_Saskia_Vester_v3-380x263.png 380w, https:\/\/www.jungborn.de\/blog\/wp-content\/uploads\/2025\/04\/Button_Meine_Empfehlung_Saskia_Vester_v3-800x554.png 800w, https:\/\/www.jungborn.de\/blog\/wp-content\/uploads\/2025\/04\/Button_Meine_Empfehlung_Saskia_Vester_v3-1160x803.png 1160w, https:\/\/www.jungborn.de\/blog\/wp-content\/uploads\/2025\/04\/Button_Meine_Empfehlung_Saskia_Vester_v3-640x443.png 640w, https:\/\/www.jungborn.de\/blog\/wp-content\/uploads\/2025\/04\/Button_Meine_Empfehlung_Saskia_Vester_v3.png 1200w\" sizes=\"auto, (max-width: 1024px) 100vw, 1024px\" \/><\/figure>\n\n\n\n<h2 id=\"zutaten-fuer-2-personen\" class=\"wp-block-heading\">Zutaten f\u00fcr 2 Personen:<\/h2>\n\n\n\n<figure class=\"wp-block-table\"><table><tbody><tr><td>300 g<\/td><td><a href=\"https:\/\/www.jungborn.de\/geschaelter-spargel-gut-kampen-103564\/\">gesch\u00e4lter Spargel<\/a><\/td><\/tr><tr><td>150 g<\/td><td>R\u00e4ucherlachs oder anderen R\u00e4ucherfisch<\/td><\/tr><tr><td>1<\/td><td>reife Avocado<\/td><\/tr><tr><td>Etwas<\/td><td>Saft einer Bio-Zitrone<\/td><\/tr><tr><td>1 EL<\/td><td>Honig, z.B. <a href=\"https:\/\/www.jungborn.de\/thymianbluetenhonig-jungborn-honig-104067\/\">Jungborn Thymianbl\u00fctenhonig<\/a><\/td><\/tr><tr><td>Etwas<\/td><td>Oliven\u00f6l<\/td><\/tr><tr><td>Etwas<\/td><td>Salz &amp; Pfeffer und etwas Zucker<\/td><\/tr><\/tbody><\/table><\/figure>\n\n\n\n<figure class=\"wp-block-image size-full\"><a href=\"https:\/\/www.jungborn.de\/spargel\/\" target=\"_blank\" rel=\"noreferrer noopener\"><img loading=\"lazy\" decoding=\"async\" width=\"680\" height=\"501\" src=\"https:\/\/www.jungborn.de\/blog\/wp-content\/uploads\/2020\/04\/Jungborn_blog_produkt_des_monats_April_spargel.jpg\" alt=\"Frischer Spargel online bestellen\" class=\"wp-image-1002\" srcset=\"https:\/\/www.jungborn.de\/blog\/wp-content\/uploads\/2020\/04\/Jungborn_blog_produkt_des_monats_April_spargel.jpg 680w, https:\/\/www.jungborn.de\/blog\/wp-content\/uploads\/2020\/04\/Jungborn_blog_produkt_des_monats_April_spargel-300x221.jpg 300w, https:\/\/www.jungborn.de\/blog\/wp-content\/uploads\/2020\/04\/Jungborn_blog_produkt_des_monats_April_spargel-380x280.jpg 380w\" sizes=\"auto, (max-width: 680px) 100vw, 680px\" \/><\/a><figcaption class=\"wp-element-caption\">Frisch nach Hause geliefert: <a href=\"https:\/\/www.jungborn.de\/spargel\/\" target=\"_blank\" rel=\"noreferrer noopener\">Spargel, gesch\u00e4lter Spargel oder Spargelspitzen!<\/a> Foto: Jungborn<\/figcaption><\/figure>\n\n\n\n<h2 id=\"zubereitung\" class=\"wp-block-heading\">Zubereitung:<\/h2>\n\n\n\n<ol class=\"wp-block-list\">\n<li>Den Spargel in einer Pfanne mit Deckel oder einem gro\u00dfen Topf mit Salzwasser, etwas Zucker, 1 bis 2 Spritzern Zitrone geben und fertig garen. Den Spargel ein wenig abk\u00fchlen lassen und noch warm auf 2 Teller aufteilen.<\/li>\n\n\n\n<li>Die Avocado einmal l\u00e4ngs rundherum einschneiden, die beiden H\u00e4lften gegeneinander drehen und den Kern entfernen. Mit einem L\u00f6ffel oder einem Messer Scheiben oder St\u00fccke herausschneiden und zusammen mit dem in St\u00fccke gezupften R\u00e4ucherlachs auf den Tellern drapieren.<\/li>\n\n\n\n<li>Aus Zitronensaft, etwas Wasser, Oliven\u00f6l, Salz &amp; Pfeffer und Honig eine Vinaigrette aufschlagen und \u00fcber das Gericht geben. Noch warm servieren!<\/li>\n<\/ol>\n\n\n\n<p>Viel Spa\u00df beim Kochen &amp; Genie\u00dfen!<\/p>\n\n\n\n<p>Ihre Saskia Vester<\/p>\n\n\n\n<figure class=\"wp-block-image size-full\"><a href=\"https:\/\/www.jungborn.de\/herzhaft-herzlich-das-kochbuch-von-saskia-vester-jungborn-107729\/\" target=\"_blank\" rel=\"noreferrer noopener\"><img loading=\"lazy\" decoding=\"async\" width=\"960\" height=\"425\" src=\"https:\/\/www.jungborn.de\/blog\/wp-content\/uploads\/2025\/04\/FS2025_JD6_Kochbuch_Saskia_Vester_1920x1920.jpg\" alt=\"\" class=\"wp-image-6305\" srcset=\"https:\/\/www.jungborn.de\/blog\/wp-content\/uploads\/2025\/04\/FS2025_JD6_Kochbuch_Saskia_Vester_1920x1920.jpg 960w, https:\/\/www.jungborn.de\/blog\/wp-content\/uploads\/2025\/04\/FS2025_JD6_Kochbuch_Saskia_Vester_1920x1920-300x133.jpg 300w, https:\/\/www.jungborn.de\/blog\/wp-content\/uploads\/2025\/04\/FS2025_JD6_Kochbuch_Saskia_Vester_1920x1920-768x340.jpg 768w, https:\/\/www.jungborn.de\/blog\/wp-content\/uploads\/2025\/04\/FS2025_JD6_Kochbuch_Saskia_Vester_1920x1920-380x168.jpg 380w, https:\/\/www.jungborn.de\/blog\/wp-content\/uploads\/2025\/04\/FS2025_JD6_Kochbuch_Saskia_Vester_1920x1920-800x354.jpg 800w, https:\/\/www.jungborn.de\/blog\/wp-content\/uploads\/2025\/04\/FS2025_JD6_Kochbuch_Saskia_Vester_1920x1920-640x283.jpg 640w\" sizes=\"auto, (max-width: 960px) 100vw, 960px\" \/><\/a><figcaption class=\"wp-element-caption\">Charmantes <a href=\"https:\/\/www.jungborn.de\/herzhaft-herzlich-das-kochbuch-von-saskia-vester-jungborn-107729\/\" target=\"_blank\" rel=\"noreferrer noopener\">Kochbuch mit Rezepten + Anekdoten<\/a> der sympathischen deutschen Schauspielerin Saskia Vester. (Foto: Jungborn)<\/figcaption><\/figure>\n\n\n\n<h2 id=\"zur-person-saskia-vester\" class=\"wp-block-heading\">Zur Person: Saskia Vester<\/h2>\n\n\n\n<figure class=\"wp-block-image size-large\"><a href=\"https:\/\/www.jungborn.de\/saskia-vesters-lieblingsprodukte\/\"><img loading=\"lazy\" decoding=\"async\" width=\"1024\" height=\"618\" src=\"https:\/\/www.jungborn.de\/blog\/wp-content\/uploads\/2024\/04\/Lieblingsprodukte_SaskiaVester_1280x773_neu-1024x618.jpg\" alt=\"Saskia Vester trinkt Jungborn Kaffee\" class=\"wp-image-5067\" srcset=\"https:\/\/www.jungborn.de\/blog\/wp-content\/uploads\/2024\/04\/Lieblingsprodukte_SaskiaVester_1280x773_neu-1024x618.jpg 1024w, https:\/\/www.jungborn.de\/blog\/wp-content\/uploads\/2024\/04\/Lieblingsprodukte_SaskiaVester_1280x773_neu-300x180.jpg 300w, https:\/\/www.jungborn.de\/blog\/wp-content\/uploads\/2024\/04\/Lieblingsprodukte_SaskiaVester_1280x773_neu-768x464.jpg 768w, https:\/\/www.jungborn.de\/blog\/wp-content\/uploads\/2024\/04\/Lieblingsprodukte_SaskiaVester_1280x773_neu-380x229.jpg 380w, https:\/\/www.jungborn.de\/blog\/wp-content\/uploads\/2024\/04\/Lieblingsprodukte_SaskiaVester_1280x773_neu-800x483.jpg 800w, https:\/\/www.jungborn.de\/blog\/wp-content\/uploads\/2024\/04\/Lieblingsprodukte_SaskiaVester_1280x773_neu-1160x701.jpg 1160w, https:\/\/www.jungborn.de\/blog\/wp-content\/uploads\/2024\/04\/Lieblingsprodukte_SaskiaVester_1280x773_neu-640x387.jpg 640w, https:\/\/www.jungborn.de\/blog\/wp-content\/uploads\/2024\/04\/Lieblingsprodukte_SaskiaVester_1280x773_neu.jpg 1280w\" sizes=\"auto, (max-width: 1024px) 100vw, 1024px\" \/><\/a><figcaption class=\"wp-element-caption\">Foto: Jungborn<\/figcaption><\/figure>\n\n\n\n<h2 id=\"sympathisch-engagiert\" class=\"wp-block-heading\">Sympathisch &amp; engagiert<\/h2>\n\n\n\n<p>Ob \u201eTatort\u201c, das \u201eTraumschiff oder \u201eDie Rosenheim-Cops\u201c, Saskia Vester ist eine der meistbesch\u00e4ftigten Schauspielerinnen Deutschlands und bekannt f\u00fcr ihre vielseitigen Rollen in Film, Fernsehen und Theater. Zurzeit spielt sie in \u201eMarie f\u00e4ngt Feuer\u201c (ZDF) die Mutter von Marie.<\/p>\n\n\n\n<p>Abseits ihrer schauspielerischen T\u00e4tigkeiten engagiert sich Saskia Vester auch sozial und politisch. Sie setzt sich f\u00fcr verschiedene wohlt\u00e4tige Zwecke ein <a href=\"https:\/\/www.jungborn.de\/besuch-fruehstuecksklub-muenchen\/\" target=\"_blank\" rel=\"noreferrer noopener\">(z. B. beim Fr\u00fchst\u00fccksklub)<\/a> und nutzt ihre \u00f6ffentliche Pr\u00e4senz, um auf wichtige Anliegen aufmerksam zu machen und positive Ver\u00e4nderungen zu bewirken.<\/p>\n\n\n\n<p>Wir freuen uns sehr, dass wir die beliebte Schauspielerin als Markenpatin f\u00fcr Jungborn gewinnen konnten. Im M\u00e4rz 2025 ist das gemeinsam initiierte <a href=\"https:\/\/www.jungborn.de\/herzhaft-herzlich-das-kochbuch-von-saskia-vester-jungborn-107729\/\" target=\"_blank\" rel=\"noreferrer noopener\">Kochbuch \u201eHerzhaft &amp; Herzlich\u201c<\/a> von Saskia Vester erschienen.<\/p>\n\n\n\n<div class=\"wp-block-buttons is-layout-flex wp-block-buttons-is-layout-flex\">\n<div class=\"wp-block-button\"><a class=\"wp-block-button__link wp-element-button\" href=\"https:\/\/www.jungborn.de\/saskia-vesters-lieblingsprodukte\/\" target=\"_blank\" rel=\"noreferrer noopener\">Saskia Vesters Lieblingsprodukte bei Jungborn<\/a><\/div>\n<\/div>\n","protected":false},"excerpt":{"rendered":"\u201eDie Geschmackskombination aus knackigem Spargel, der aromatischen Avocado und frischer Zitrone ist einfach sensationell \u2013 besonders wenn der&hellip;\n","protected":false},"author":13,"featured_media":6221,"comment_status":"open","ping_status":"open","sticky":false,"template":"","format":"standard","meta":{"footnotes":""},"categories":[286,490,544,382],"tags":[384,353,494,388],"class_list":{"0":"post-6220","1":"post","2":"type-post","3":"status-publish","4":"format-standard","5":"has-post-thumbnail","7":"category-aktuelles","8":"category-rezepte-zu-ostern","9":"category-saskia-vesters-lieblingsrezepte","10":"category-spargel-rezepte","11":"tag-rezept","12":"tag-rezepte","13":"tag-saskia-vester","14":"tag-spargel"},"yoast_head":"<!-- This site is optimized with the Yoast SEO plugin v27.2 - https:\/\/yoast.com\/product\/yoast-seo-wordpress\/ -->\n<title>Spargel mit ger\u00e4uchertem Lachs &amp; Avocado - Jungborn Blog \u2026hat immer etwas Besonderes<\/title>\n<meta name=\"description\" content=\"\u201eDie Geschmackskombination aus knackigem Spargel, der aromatischen Avocado und frischer Zitrone ist einfach sensationell \u2013 besonders wenn de\" \/>\n<meta name=\"robots\" content=\"index, follow, max-snippet:-1, max-image-preview:large, max-video-preview:-1\" \/>\n<link rel=\"canonical\" href=\"https:\/\/www.jungborn.de\/blog\/spargel-mit-geraeuchertem-lachs-avocado\/\" \/>\n<meta property=\"og:locale\" content=\"de_DE\" \/>\n<meta property=\"og:type\" content=\"article\" \/>\n<meta property=\"og:title\" content=\"Spargel mit ger\u00e4uchertem Lachs &amp; Avocado - Jungborn Blog \u2026hat immer etwas Besonderes\" \/>\n<meta property=\"og:description\" content=\"\u201eDie Geschmackskombination aus knackigem Spargel, der aromatischen Avocado und frischer Zitrone ist einfach sensationell \u2013 besonders wenn de\" \/>\n<meta property=\"og:url\" content=\"https:\/\/www.jungborn.de\/blog\/spargel-mit-geraeuchertem-lachs-avocado\/\" \/>\n<meta property=\"og:site_name\" content=\"Jungborn Blog \u2026hat immer etwas Besonderes\" \/>\n<meta property=\"article:published_time\" content=\"2025-04-23T08:37:32+00:00\" \/>\n<meta property=\"article:modified_time\" content=\"2025-06-19T08:53:52+00:00\" \/>\n<meta property=\"og:image\" content=\"https:\/\/www.jungborn.de\/blog\/wp-content\/uploads\/2025\/04\/Gericht_Spargel_Avocado_Lachs.jpg\" \/>\n\t<meta property=\"og:image:width\" content=\"1200\" \/>\n\t<meta property=\"og:image:height\" content=\"1600\" \/>\n\t<meta property=\"og:image:type\" content=\"image\/jpeg\" \/>\n<meta name=\"author\" content=\"Elias Bortel\" \/>\n<meta name=\"twitter:card\" content=\"summary_large_image\" \/>\n<meta name=\"twitter:label1\" content=\"Verfasst von\" \/>\n\t<meta name=\"twitter:data1\" content=\"Elias Bortel\" \/>\n\t<meta name=\"twitter:label2\" content=\"Gesch\u00e4tzte Lesezeit\" \/>\n\t<meta name=\"twitter:data2\" content=\"3\u00a0Minuten\" \/>\n<script type=\"application\/ld+json\" class=\"yoast-schema-graph\">{\"@context\":\"https:\/\/schema.org\",\"@graph\":[{\"@type\":\"Article\",\"@id\":\"https:\/\/www.jungborn.de\/blog\/spargel-mit-geraeuchertem-lachs-avocado\/#article\",\"isPartOf\":{\"@id\":\"https:\/\/www.jungborn.de\/blog\/spargel-mit-geraeuchertem-lachs-avocado\/\"},\"author\":{\"name\":\"Elias Bortel\",\"@id\":\"https:\/\/www.jungborn.de\/blog\/#\/schema\/person\/adab51921725e39986fa0ca426ce03c4\"},\"headline\":\"Spargel mit ger\u00e4uchertem Lachs &amp; Avocado\",\"datePublished\":\"2025-04-23T08:37:32+00:00\",\"dateModified\":\"2025-06-19T08:53:52+00:00\",\"mainEntityOfPage\":{\"@id\":\"https:\/\/www.jungborn.de\/blog\/spargel-mit-geraeuchertem-lachs-avocado\/\"},\"wordCount\":361,\"commentCount\":0,\"image\":{\"@id\":\"https:\/\/www.jungborn.de\/blog\/spargel-mit-geraeuchertem-lachs-avocado\/#primaryimage\"},\"thumbnailUrl\":\"https:\/\/www.jungborn.de\/blog\/wp-content\/uploads\/2025\/04\/Gericht_Spargel_Avocado_Lachs.jpg\",\"keywords\":[\"Rezept\",\"Rezepte\",\"Saskia Vester\",\"Spargel\"],\"articleSection\":[\"Aktuelles\",\"Rezepte zu Ostern\",\"Saskia Vesters Lieblingsrezepte\",\"Spargel Rezepte\"],\"inLanguage\":\"de\",\"potentialAction\":[{\"@type\":\"CommentAction\",\"name\":\"Comment\",\"target\":[\"https:\/\/www.jungborn.de\/blog\/spargel-mit-geraeuchertem-lachs-avocado\/#respond\"]}]},{\"@type\":\"WebPage\",\"@id\":\"https:\/\/www.jungborn.de\/blog\/spargel-mit-geraeuchertem-lachs-avocado\/\",\"url\":\"https:\/\/www.jungborn.de\/blog\/spargel-mit-geraeuchertem-lachs-avocado\/\",\"name\":\"Spargel mit ger\u00e4uchertem Lachs &amp; Avocado - Jungborn Blog \u2026hat immer etwas Besonderes\",\"isPartOf\":{\"@id\":\"https:\/\/www.jungborn.de\/blog\/#website\"},\"primaryImageOfPage\":{\"@id\":\"https:\/\/www.jungborn.de\/blog\/spargel-mit-geraeuchertem-lachs-avocado\/#primaryimage\"},\"image\":{\"@id\":\"https:\/\/www.jungborn.de\/blog\/spargel-mit-geraeuchertem-lachs-avocado\/#primaryimage\"},\"thumbnailUrl\":\"https:\/\/www.jungborn.de\/blog\/wp-content\/uploads\/2025\/04\/Gericht_Spargel_Avocado_Lachs.jpg\",\"datePublished\":\"2025-04-23T08:37:32+00:00\",\"dateModified\":\"2025-06-19T08:53:52+00:00\",\"author\":{\"@id\":\"https:\/\/www.jungborn.de\/blog\/#\/schema\/person\/adab51921725e39986fa0ca426ce03c4\"},\"description\":\"\u201eDie Geschmackskombination aus knackigem Spargel, der aromatischen Avocado und frischer Zitrone ist einfach sensationell \u2013 besonders wenn de\",\"breadcrumb\":{\"@id\":\"https:\/\/www.jungborn.de\/blog\/spargel-mit-geraeuchertem-lachs-avocado\/#breadcrumb\"},\"inLanguage\":\"de\",\"potentialAction\":[{\"@type\":\"ReadAction\",\"target\":[\"https:\/\/www.jungborn.de\/blog\/spargel-mit-geraeuchertem-lachs-avocado\/\"]}]},{\"@type\":\"ImageObject\",\"inLanguage\":\"de\",\"@id\":\"https:\/\/www.jungborn.de\/blog\/spargel-mit-geraeuchertem-lachs-avocado\/#primaryimage\",\"url\":\"https:\/\/www.jungborn.de\/blog\/wp-content\/uploads\/2025\/04\/Gericht_Spargel_Avocado_Lachs.jpg\",\"contentUrl\":\"https:\/\/www.jungborn.de\/blog\/wp-content\/uploads\/2025\/04\/Gericht_Spargel_Avocado_Lachs.jpg\",\"width\":1200,\"height\":1600,\"caption\":\"Foto: Adobe Stock \/ kab-vision\"},{\"@type\":\"BreadcrumbList\",\"@id\":\"https:\/\/www.jungborn.de\/blog\/spargel-mit-geraeuchertem-lachs-avocado\/#breadcrumb\",\"itemListElement\":[{\"@type\":\"ListItem\",\"position\":1,\"name\":\"Startseite\",\"item\":\"https:\/\/www.jungborn.de\/blog\/\"},{\"@type\":\"ListItem\",\"position\":2,\"name\":\"Spargel mit ger\u00e4uchertem Lachs &amp; Avocado\"}]},{\"@type\":\"WebSite\",\"@id\":\"https:\/\/www.jungborn.de\/blog\/#website\",\"url\":\"https:\/\/www.jungborn.de\/blog\/\",\"name\":\"Jungborn Blog \u2026hat immer etwas Besonderes\",\"description\":\"\",\"potentialAction\":[{\"@type\":\"SearchAction\",\"target\":{\"@type\":\"EntryPoint\",\"urlTemplate\":\"https:\/\/www.jungborn.de\/blog\/?s={search_term_string}\"},\"query-input\":{\"@type\":\"PropertyValueSpecification\",\"valueRequired\":true,\"valueName\":\"search_term_string\"}}],\"inLanguage\":\"de\"},{\"@type\":\"Person\",\"@id\":\"https:\/\/www.jungborn.de\/blog\/#\/schema\/person\/adab51921725e39986fa0ca426ce03c4\",\"name\":\"Elias Bortel\",\"image\":{\"@type\":\"ImageObject\",\"inLanguage\":\"de\",\"@id\":\"https:\/\/secure.gravatar.com\/avatar\/dd569887fbc3bdb553309ee09fc65651ddf5fd5021b551fedd3b115e80681e4a?s=96&d=mm&r=g\",\"url\":\"https:\/\/secure.gravatar.com\/avatar\/dd569887fbc3bdb553309ee09fc65651ddf5fd5021b551fedd3b115e80681e4a?s=96&d=mm&r=g\",\"contentUrl\":\"https:\/\/secure.gravatar.com\/avatar\/dd569887fbc3bdb553309ee09fc65651ddf5fd5021b551fedd3b115e80681e4a?s=96&d=mm&r=g\",\"caption\":\"Elias Bortel\"},\"url\":\"https:\/\/www.jungborn.de\/blog\/author\/elias-borteljungborn-de\/\"}]}<\/script>\n<!-- \/ Yoast SEO plugin. -->","yoast_head_json":{"title":"Spargel mit ger\u00e4uchertem Lachs &amp; Avocado - Jungborn Blog \u2026hat immer etwas Besonderes","description":"\u201eDie Geschmackskombination aus knackigem Spargel, der aromatischen Avocado und frischer Zitrone ist einfach sensationell \u2013 besonders wenn de","robots":{"index":"index","follow":"follow","max-snippet":"max-snippet:-1","max-image-preview":"max-image-preview:large","max-video-preview":"max-video-preview:-1"},"canonical":"https:\/\/www.jungborn.de\/blog\/spargel-mit-geraeuchertem-lachs-avocado\/","og_locale":"de_DE","og_type":"article","og_title":"Spargel mit ger\u00e4uchertem Lachs &amp; Avocado - Jungborn Blog \u2026hat immer etwas Besonderes","og_description":"\u201eDie Geschmackskombination aus knackigem Spargel, der aromatischen Avocado und frischer Zitrone ist einfach sensationell \u2013 besonders wenn de","og_url":"https:\/\/www.jungborn.de\/blog\/spargel-mit-geraeuchertem-lachs-avocado\/","og_site_name":"Jungborn Blog \u2026hat immer etwas Besonderes","article_published_time":"2025-04-23T08:37:32+00:00","article_modified_time":"2025-06-19T08:53:52+00:00","og_image":[{"width":1200,"height":1600,"url":"https:\/\/www.jungborn.de\/blog\/wp-content\/uploads\/2025\/04\/Gericht_Spargel_Avocado_Lachs.jpg","type":"image\/jpeg"}],"author":"Elias Bortel","twitter_card":"summary_large_image","twitter_misc":{"Verfasst von":"Elias Bortel","Gesch\u00e4tzte Lesezeit":"3\u00a0Minuten"},"schema":{"@context":"https:\/\/schema.org","@graph":[{"@type":"Article","@id":"https:\/\/www.jungborn.de\/blog\/spargel-mit-geraeuchertem-lachs-avocado\/#article","isPartOf":{"@id":"https:\/\/www.jungborn.de\/blog\/spargel-mit-geraeuchertem-lachs-avocado\/"},"author":{"name":"Elias Bortel","@id":"https:\/\/www.jungborn.de\/blog\/#\/schema\/person\/adab51921725e39986fa0ca426ce03c4"},"headline":"Spargel mit ger\u00e4uchertem Lachs &amp; Avocado","datePublished":"2025-04-23T08:37:32+00:00","dateModified":"2025-06-19T08:53:52+00:00","mainEntityOfPage":{"@id":"https:\/\/www.jungborn.de\/blog\/spargel-mit-geraeuchertem-lachs-avocado\/"},"wordCount":361,"commentCount":0,"image":{"@id":"https:\/\/www.jungborn.de\/blog\/spargel-mit-geraeuchertem-lachs-avocado\/#primaryimage"},"thumbnailUrl":"https:\/\/www.jungborn.de\/blog\/wp-content\/uploads\/2025\/04\/Gericht_Spargel_Avocado_Lachs.jpg","keywords":["Rezept","Rezepte","Saskia Vester","Spargel"],"articleSection":["Aktuelles","Rezepte zu Ostern","Saskia Vesters Lieblingsrezepte","Spargel Rezepte"],"inLanguage":"de","potentialAction":[{"@type":"CommentAction","name":"Comment","target":["https:\/\/www.jungborn.de\/blog\/spargel-mit-geraeuchertem-lachs-avocado\/#respond"]}]},{"@type":"WebPage","@id":"https:\/\/www.jungborn.de\/blog\/spargel-mit-geraeuchertem-lachs-avocado\/","url":"https:\/\/www.jungborn.de\/blog\/spargel-mit-geraeuchertem-lachs-avocado\/","name":"Spargel mit ger\u00e4uchertem Lachs &amp; Avocado - Jungborn Blog \u2026hat immer etwas Besonderes","isPartOf":{"@id":"https:\/\/www.jungborn.de\/blog\/#website"},"primaryImageOfPage":{"@id":"https:\/\/www.jungborn.de\/blog\/spargel-mit-geraeuchertem-lachs-avocado\/#primaryimage"},"image":{"@id":"https:\/\/www.jungborn.de\/blog\/spargel-mit-geraeuchertem-lachs-avocado\/#primaryimage"},"thumbnailUrl":"https:\/\/www.jungborn.de\/blog\/wp-content\/uploads\/2025\/04\/Gericht_Spargel_Avocado_Lachs.jpg","datePublished":"2025-04-23T08:37:32+00:00","dateModified":"2025-06-19T08:53:52+00:00","author":{"@id":"https:\/\/www.jungborn.de\/blog\/#\/schema\/person\/adab51921725e39986fa0ca426ce03c4"},"description":"\u201eDie Geschmackskombination aus knackigem Spargel, der aromatischen Avocado und frischer Zitrone ist einfach sensationell \u2013 besonders wenn de","breadcrumb":{"@id":"https:\/\/www.jungborn.de\/blog\/spargel-mit-geraeuchertem-lachs-avocado\/#breadcrumb"},"inLanguage":"de","potentialAction":[{"@type":"ReadAction","target":["https:\/\/www.jungborn.de\/blog\/spargel-mit-geraeuchertem-lachs-avocado\/"]}]},{"@type":"ImageObject","inLanguage":"de","@id":"https:\/\/www.jungborn.de\/blog\/spargel-mit-geraeuchertem-lachs-avocado\/#primaryimage","url":"https:\/\/www.jungborn.de\/blog\/wp-content\/uploads\/2025\/04\/Gericht_Spargel_Avocado_Lachs.jpg","contentUrl":"https:\/\/www.jungborn.de\/blog\/wp-content\/uploads\/2025\/04\/Gericht_Spargel_Avocado_Lachs.jpg","width":1200,"height":1600,"caption":"Foto: Adobe Stock \/ kab-vision"},{"@type":"BreadcrumbList","@id":"https:\/\/www.jungborn.de\/blog\/spargel-mit-geraeuchertem-lachs-avocado\/#breadcrumb","itemListElement":[{"@type":"ListItem","position":1,"name":"Startseite","item":"https:\/\/www.jungborn.de\/blog\/"},{"@type":"ListItem","position":2,"name":"Spargel mit ger\u00e4uchertem Lachs &amp; Avocado"}]},{"@type":"WebSite","@id":"https:\/\/www.jungborn.de\/blog\/#website","url":"https:\/\/www.jungborn.de\/blog\/","name":"Jungborn Blog \u2026hat immer etwas Besonderes","description":"","potentialAction":[{"@type":"SearchAction","target":{"@type":"EntryPoint","urlTemplate":"https:\/\/www.jungborn.de\/blog\/?s={search_term_string}"},"query-input":{"@type":"PropertyValueSpecification","valueRequired":true,"valueName":"search_term_string"}}],"inLanguage":"de"},{"@type":"Person","@id":"https:\/\/www.jungborn.de\/blog\/#\/schema\/person\/adab51921725e39986fa0ca426ce03c4","name":"Elias Bortel","image":{"@type":"ImageObject","inLanguage":"de","@id":"https:\/\/secure.gravatar.com\/avatar\/dd569887fbc3bdb553309ee09fc65651ddf5fd5021b551fedd3b115e80681e4a?s=96&d=mm&r=g","url":"https:\/\/secure.gravatar.com\/avatar\/dd569887fbc3bdb553309ee09fc65651ddf5fd5021b551fedd3b115e80681e4a?s=96&d=mm&r=g","contentUrl":"https:\/\/secure.gravatar.com\/avatar\/dd569887fbc3bdb553309ee09fc65651ddf5fd5021b551fedd3b115e80681e4a?s=96&d=mm&r=g","caption":"Elias Bortel"},"url":"https:\/\/www.jungborn.de\/blog\/author\/elias-borteljungborn-de\/"}]}},"_links":{"self":[{"href":"https:\/\/www.jungborn.de\/blog\/wp-json\/wp\/v2\/posts\/6220","targetHints":{"allow":["GET"]}}],"collection":[{"href":"https:\/\/www.jungborn.de\/blog\/wp-json\/wp\/v2\/posts"}],"about":[{"href":"https:\/\/www.jungborn.de\/blog\/wp-json\/wp\/v2\/types\/post"}],"author":[{"embeddable":true,"href":"https:\/\/www.jungborn.de\/blog\/wp-json\/wp\/v2\/users\/13"}],"replies":[{"embeddable":true,"href":"https:\/\/www.jungborn.de\/blog\/wp-json\/wp\/v2\/comments?post=6220"}],"version-history":[{"count":10,"href":"https:\/\/www.jungborn.de\/blog\/wp-json\/wp\/v2\/posts\/6220\/revisions"}],"predecessor-version":[{"id":6617,"href":"https:\/\/www.jungborn.de\/blog\/wp-json\/wp\/v2\/posts\/6220\/revisions\/6617"}],"wp:featuredmedia":[{"embeddable":true,"href":"https:\/\/www.jungborn.de\/blog\/wp-json\/wp\/v2\/media\/6221"}],"wp:attachment":[{"href":"https:\/\/www.jungborn.de\/blog\/wp-json\/wp\/v2\/media?parent=6220"}],"wp:term":[{"taxonomy":"category","embeddable":true,"href":"https:\/\/www.jungborn.de\/blog\/wp-json\/wp\/v2\/categories?post=6220"},{"taxonomy":"post_tag","embeddable":true,"href":"https:\/\/www.jungborn.de\/blog\/wp-json\/wp\/v2\/tags?post=6220"}],"curies":[{"name":"wp","href":"https:\/\/api.w.org\/{rel}","templated":true}]}}