{"id":5799,"date":"2024-11-05T15:55:00","date_gmt":"2024-11-05T14:55:00","guid":{"rendered":"https:\/\/www.jungborn.de\/blog\/?p=5799"},"modified":"2024-11-05T15:55:01","modified_gmt":"2024-11-05T14:55:01","slug":"hurra-die-wichtel-kommen","status":"publish","type":"post","link":"https:\/\/www.jungborn.de\/blog\/hurra-die-wichtel-kommen\/","title":{"rendered":"Hurra, die Wichtel kommen!"},"content":{"rendered":"\n<p>Die kleinen Zwerge, Kobolde oder Trolle erfreuen sich zu Weihnachten wachsender Beliebtheit. Denn der skandinavische Brauch der Weihnachtswichtel sorgt ab 1. Dezember f\u00fcr spannende Momente und \u00fcberraschte Kinderaugen. Durch eine kleine T\u00fcr in der Fu\u00dfleiste helfen die kleinen Wichtel bei den Weihnachtsvorbereitungen und treiben allerlei Unfug. Dabei d\u00fcrfen die kleinen Helferlein nicht gesehen werden, um ihre magische Zauberkraft nicht zu verlieren. Deshalb kommen Sie nat\u00fcrlich nur nachts durch besagte T\u00fcr zu Besuch. <\/p>\n\n\n\n<p>Mit unserem <a href=\"https:\/\/www.jungborn.de\/mini-wichtel-set-jungborn-105927\/\">zauberhaften Wichtel-Set<\/a> k\u00f6nnen Sie die Magie der Weihnachtswichtel ganz einfach zu sich nach Hause holen! Weiter unten habe ich Ihnen ein paar Ideen f\u00fcr Wichtel-Streiche aufgelistet, die richtig gut bei Kindern ankommen und die Anwesenheit von Weihnachtswichteln \u201ebeweisen\u201c.<\/p>\n\n\n<div class=\"wp-block-image\">\n<figure class=\"aligncenter size-full\"><img loading=\"lazy\" decoding=\"async\" width=\"386\" height=\"319\" src=\"https:\/\/www.jungborn.de\/blog\/wp-content\/uploads\/2024\/02\/KreativMitKatharinaLogo.png\" alt=\"\" class=\"wp-image-4782\" srcset=\"https:\/\/www.jungborn.de\/blog\/wp-content\/uploads\/2024\/02\/KreativMitKatharinaLogo.png 386w, https:\/\/www.jungborn.de\/blog\/wp-content\/uploads\/2024\/02\/KreativMitKatharinaLogo-300x248.png 300w, https:\/\/www.jungborn.de\/blog\/wp-content\/uploads\/2024\/02\/KreativMitKatharinaLogo-380x314.png 380w\" sizes=\"auto, (max-width: 386px) 100vw, 386px\" \/><figcaption class=\"wp-element-caption\">Teil 21: Hurra, die Wichtel kommen!<br><a href=\"http:\/\/www.pinterest.com\/pin\/create\/bookmarklet\/?url=https%3A%2F%2Fwww.jungborn.de%2Fblog%2Fstoffkuerbisse-ohne-naehen%2F&amp;media=https%3A%2F%2Fwww.jungborn.de%2Fblog%2Fwp-content%2Fuploads%2F2024%2F02%2FKreativMitKatharinaLogo.png&amp;description=Teil%204%3A%20Stoffk%C3%BCrbisse%20ohne%20N%C3%A4hen&amp;is_video=false\" target=\"_blank\" rel=\"noreferrer noopener\"><\/a><\/figcaption><\/figure><\/div>\n\n\n<h2 id=\"sie-benoetigen\" class=\"wp-block-heading\">Sie ben\u00f6tigen:<\/h2>\n\n\n\n<figure class=\"wp-block-gallery has-nested-images columns-default is-cropped wp-block-gallery-2 is-layout-flex wp-block-gallery-is-layout-flex\">\n<figure class=\"wp-block-image size-large\"><img loading=\"lazy\" decoding=\"async\" width=\"1024\" height=\"1024\" data-id=\"5802\" src=\"https:\/\/www.jungborn.de\/blog\/wp-content\/uploads\/2024\/11\/Wichtel-Set_105927-1024x1024.jpg\" alt=\"\" class=\"wp-image-5802\" srcset=\"https:\/\/www.jungborn.de\/blog\/wp-content\/uploads\/2024\/11\/Wichtel-Set_105927-1024x1024.jpg 1024w, https:\/\/www.jungborn.de\/blog\/wp-content\/uploads\/2024\/11\/Wichtel-Set_105927-300x300.jpg 300w, https:\/\/www.jungborn.de\/blog\/wp-content\/uploads\/2024\/11\/Wichtel-Set_105927-150x150.jpg 150w, https:\/\/www.jungborn.de\/blog\/wp-content\/uploads\/2024\/11\/Wichtel-Set_105927-768x768.jpg 768w, https:\/\/www.jungborn.de\/blog\/wp-content\/uploads\/2024\/11\/Wichtel-Set_105927-80x80.jpg 80w, https:\/\/www.jungborn.de\/blog\/wp-content\/uploads\/2024\/11\/Wichtel-Set_105927-380x380.jpg 380w, https:\/\/www.jungborn.de\/blog\/wp-content\/uploads\/2024\/11\/Wichtel-Set_105927-800x800.jpg 800w, https:\/\/www.jungborn.de\/blog\/wp-content\/uploads\/2024\/11\/Wichtel-Set_105927-1160x1160.jpg 1160w, https:\/\/www.jungborn.de\/blog\/wp-content\/uploads\/2024\/11\/Wichtel-Set_105927-640x640.jpg 640w, https:\/\/www.jungborn.de\/blog\/wp-content\/uploads\/2024\/11\/Wichtel-Set_105927.jpg 1200w\" sizes=\"auto, (max-width: 1024px) 100vw, 1024px\" \/><figcaption class=\"wp-element-caption\">Foto: Jungborn<\/figcaption><\/figure>\n<\/figure>\n\n\n\n<figure class=\"wp-block-table\"><table><tbody><tr><td>1<\/td><td><a href=\"https:\/\/www.jungborn.de\/mini-wichtel-set-jungborn-105927\/\" target=\"_blank\" rel=\"noreferrer noopener\">Mini-Wichtel-Set von Jungborn (Artikelnummer: 105927)<\/a><br>mit 1 T\u00fcr, 1 Leiter, 1 Briefkasten, 1 Besen, 1 Laterne, 1 Kranz, 1 Fu\u00dfmatte, 1 S\u00e4ckchen,1 Tannenbaum<\/td><\/tr><tr><td>etwas<\/td><td>doppelseitige Klebeband zur Befestigung der T\u00fcr<\/td><\/tr><tr><td>optional: 1<\/td><td>1 Mini-Lichterkette oder eine <a href=\"https:\/\/www.jungborn.de\/leuchtende-tanne-tewa-105545\/\" target=\"_blank\" rel=\"noreferrer noopener\">Leuchtende Tanne<\/a> (siehe auch mein Video unten)<\/td><\/tr><\/tbody><\/table><\/figure>\n\n\n\n<h2 id=\"so-sieht-es-aus-mini-wichtel-set-von-jungborn\" class=\"wp-block-heading\">So sieht es aus: Mini-Wichtel-Set von Jungborn<\/h2>\n\n\n<div class=\"wp-block-image\">\n<figure class=\"aligncenter size-large\"><a href=\"https:\/\/www.jungborn.de\/mini-wichtel-set-jungborn-105927\/\" target=\"_blank\" rel=\"noreferrer noopener\"><img loading=\"lazy\" decoding=\"async\" width=\"768\" height=\"1024\" src=\"https:\/\/www.jungborn.de\/blog\/wp-content\/uploads\/2024\/11\/105927H-768x1024.jpg\" alt=\"Miniatur-Wichtel-Set zum Aufstellen\" class=\"wp-image-5800\" srcset=\"https:\/\/www.jungborn.de\/blog\/wp-content\/uploads\/2024\/11\/105927H-768x1024.jpg 768w, https:\/\/www.jungborn.de\/blog\/wp-content\/uploads\/2024\/11\/105927H-225x300.jpg 225w, https:\/\/www.jungborn.de\/blog\/wp-content\/uploads\/2024\/11\/105927H-1152x1536.jpg 1152w, https:\/\/www.jungborn.de\/blog\/wp-content\/uploads\/2024\/11\/105927H-380x507.jpg 380w, https:\/\/www.jungborn.de\/blog\/wp-content\/uploads\/2024\/11\/105927H-800x1067.jpg 800w, https:\/\/www.jungborn.de\/blog\/wp-content\/uploads\/2024\/11\/105927H-1160x1547.jpg 1160w, https:\/\/www.jungborn.de\/blog\/wp-content\/uploads\/2024\/11\/105927H-640x853.jpg 640w, https:\/\/www.jungborn.de\/blog\/wp-content\/uploads\/2024\/11\/105927H.jpg 1200w\" sizes=\"auto, (max-width: 768px) 100vw, 768px\" \/><\/a><figcaption class=\"wp-element-caption\">Jetzt bestellen: <a href=\"https:\/\/www.jungborn.de\/mini-wichtel-set-jungborn-105927\/\" target=\"_blank\" rel=\"noreferrer noopener\">Mini-Wichtel-Set im Jungborn Online Shop<\/a>\/Foto: Jungborn<\/figcaption><\/figure><\/div>\n\n\n<h2 id=\"beispiele-wichtel-streiche-fuer-zuhause\" class=\"wp-block-heading\">Beispiele: Wichtel-Streiche f\u00fcr zuhause!<\/h2>\n\n\n\n<p>Welche Streiche spielen Weihnachtswichtel? Hier einige Beispiele:<\/p>\n\n\n\n<ul class=\"wp-block-list\">\n<li>Briefe schreiben und in den kleinen Briefkasten legen (schaut mal im Video unten, was ich dort hineingelegt habe!!!)<\/li>\n\n\n\n<li>Die Wichtel-Utensilien vor der Wichtel-T\u00fcr umdekorieren<\/li>\n\n\n\n<li>Eine Nachricht auf dem Spiegel im Bad hinterlassen<\/li>\n\n\n\n<li>Schn\u00fcrsenkel an den Kinderschuhen verknoten<\/li>\n\n\n\n<li>Bonbon-Papier herumliegen lassen<\/li>\n\n\n\n<li>Kekskr\u00fcmel an Stelle der Kekse legen<\/li>\n\n\n\n<li>Mashmallows bei den Watteb\u00e4llchen verstecken<\/li>\n\n\n\n<li>Bananen oder Orangen mit Edding bemalen<\/li>\n\n\n\n<li>Spielzeug aufstellen, als h\u00e4tte gerade noch jemand damit gespielt<\/li>\n\n\n\n<li>Winzige Fu\u00dfabdr\u00fccke vor dem Wichtel-T\u00fcr in Mehl oder Puderzucker malen<\/li>\n<\/ul>\n\n\n\n<p>Lassen Sie Ihrer Fantasie freien Lauf! Sie wissen am besten, was Ihr Kind\/Ihre Kinder zum Staunen bringt. Viel Spa\u00df dabei!<\/p>\n\n\n\n<h2 id=\"video-so-baut-katharina-die-wichtel-szene-auf\" class=\"wp-block-heading\">Video: So baut Katharina die Wichtel-Szene auf<\/h2>\n\n\n\n<figure class=\"wp-block-video\"><video controls src=\"https:\/\/www.jungborn.de\/blog\/wp-content\/uploads\/2024\/11\/KmK_Wichtel.mp4\"><\/video><figcaption class=\"wp-element-caption\">Video: Jungborn<\/figcaption><\/figure>\n\n\n\n<p>Hier k\u00f6nnen Sie Schritt f\u00fcr Schritt verfolgen, wie das Wichtel-Set h\u00fcbsch aufgebaut werden kann. <\/p>\n\n\n\n<p>Ich w\u00fcnsche Ihnen eine magische Wichtelzeit!<\/p>\n\n\n\n<p>Ihre<\/p>\n\n\n\n<figure class=\"wp-block-image size-full\"><img loading=\"lazy\" decoding=\"async\" width=\"190\" height=\"62\" src=\"https:\/\/www.jungborn.de\/blog\/wp-content\/uploads\/2023\/06\/Unterschrift_Katharina.png\" alt=\"\" class=\"wp-image-4088\"\/><figcaption class=\"wp-element-caption\">aus dem Jungborn Kundenservice<\/figcaption><\/figure>\n","protected":false},"excerpt":{"rendered":"Die kleinen Zwerge, Kobolde oder Trolle erfreuen sich zu Weihnachten wachsender Beliebtheit. Denn der skandinavische Brauch der Weihnachtswichtel&hellip;\n","protected":false},"author":12,"featured_media":5803,"comment_status":"open","ping_status":"open","sticky":false,"template":"","format":"standard","meta":{"footnotes":""},"categories":[286,391,2],"tags":[598],"class_list":{"0":"post-5799","1":"post","2":"type-post","3":"status-publish","4":"format-standard","5":"has-post-thumbnail","7":"category-aktuelles","8":"category-kreativ-mit-katharina","9":"category-trends","10":"tag-weihnachtswichtel"},"yoast_head":"<!-- This site is optimized with the Yoast SEO plugin v27.2 - https:\/\/yoast.com\/product\/yoast-seo-wordpress\/ -->\n<title>Hurra, die Wichtel kommen! - Jungborn Blog \u2026hat immer etwas Besonderes<\/title>\n<meta name=\"description\" content=\"Der skandinavische Brauch der Weihnachtswichtel sorgt ab 1. Dezember f\u00fcr \u00fcberraschte Kinderaugen. Durch eine kleine T\u00fcr in der Fu\u00dfleiste\" \/>\n<meta name=\"robots\" content=\"index, follow, max-snippet:-1, max-image-preview:large, max-video-preview:-1\" \/>\n<link rel=\"canonical\" href=\"https:\/\/www.jungborn.de\/blog\/hurra-die-wichtel-kommen\/\" \/>\n<meta property=\"og:locale\" content=\"de_DE\" \/>\n<meta property=\"og:type\" content=\"article\" \/>\n<meta property=\"og:title\" content=\"Hurra, die Wichtel kommen! - Jungborn Blog \u2026hat immer etwas Besonderes\" \/>\n<meta property=\"og:description\" content=\"Der skandinavische Brauch der Weihnachtswichtel sorgt ab 1. Dezember f\u00fcr \u00fcberraschte Kinderaugen. Durch eine kleine T\u00fcr in der Fu\u00dfleiste\" \/>\n<meta property=\"og:url\" content=\"https:\/\/www.jungborn.de\/blog\/hurra-die-wichtel-kommen\/\" \/>\n<meta property=\"og:site_name\" content=\"Jungborn Blog \u2026hat immer etwas Besonderes\" \/>\n<meta property=\"article:published_time\" content=\"2024-11-05T14:55:00+00:00\" \/>\n<meta property=\"article:modified_time\" content=\"2024-11-05T14:55:01+00:00\" \/>\n<meta property=\"og:image\" content=\"https:\/\/www.jungborn.de\/blog\/wp-content\/uploads\/2024\/11\/Katharinas-Weihnachts-Wichtel.jpg\" \/>\n\t<meta property=\"og:image:width\" content=\"1200\" \/>\n\t<meta property=\"og:image:height\" content=\"1200\" \/>\n\t<meta property=\"og:image:type\" content=\"image\/jpeg\" \/>\n<meta name=\"author\" content=\"Petra Wargalla\" \/>\n<meta name=\"twitter:card\" content=\"summary_large_image\" \/>\n<meta name=\"twitter:label1\" content=\"Verfasst von\" \/>\n\t<meta name=\"twitter:data1\" content=\"Petra Wargalla\" \/>\n\t<meta name=\"twitter:label2\" content=\"Gesch\u00e4tzte Lesezeit\" \/>\n\t<meta name=\"twitter:data2\" content=\"3\u00a0Minuten\" \/>\n<script type=\"application\/ld+json\" class=\"yoast-schema-graph\">{\"@context\":\"https:\/\/schema.org\",\"@graph\":[{\"@type\":\"Article\",\"@id\":\"https:\/\/www.jungborn.de\/blog\/hurra-die-wichtel-kommen\/#article\",\"isPartOf\":{\"@id\":\"https:\/\/www.jungborn.de\/blog\/hurra-die-wichtel-kommen\/\"},\"author\":{\"name\":\"Petra Wargalla\",\"@id\":\"https:\/\/www.jungborn.de\/blog\/#\/schema\/person\/545bd99acc28d294085c231bd0ddb5d6\"},\"headline\":\"Hurra, die Wichtel kommen!\",\"datePublished\":\"2024-11-05T14:55:00+00:00\",\"dateModified\":\"2024-11-05T14:55:01+00:00\",\"mainEntityOfPage\":{\"@id\":\"https:\/\/www.jungborn.de\/blog\/hurra-die-wichtel-kommen\/\"},\"wordCount\":340,\"commentCount\":0,\"image\":{\"@id\":\"https:\/\/www.jungborn.de\/blog\/hurra-die-wichtel-kommen\/#primaryimage\"},\"thumbnailUrl\":\"https:\/\/www.jungborn.de\/blog\/wp-content\/uploads\/2024\/11\/Katharinas-Weihnachts-Wichtel.jpg\",\"keywords\":[\"Weihnachtswichtel\"],\"articleSection\":[\"Aktuelles\",\"Kreativ mit Katharina\",\"Trends\"],\"inLanguage\":\"de\",\"potentialAction\":[{\"@type\":\"CommentAction\",\"name\":\"Comment\",\"target\":[\"https:\/\/www.jungborn.de\/blog\/hurra-die-wichtel-kommen\/#respond\"]}]},{\"@type\":\"WebPage\",\"@id\":\"https:\/\/www.jungborn.de\/blog\/hurra-die-wichtel-kommen\/\",\"url\":\"https:\/\/www.jungborn.de\/blog\/hurra-die-wichtel-kommen\/\",\"name\":\"Hurra, die Wichtel kommen! - Jungborn Blog \u2026hat immer etwas Besonderes\",\"isPartOf\":{\"@id\":\"https:\/\/www.jungborn.de\/blog\/#website\"},\"primaryImageOfPage\":{\"@id\":\"https:\/\/www.jungborn.de\/blog\/hurra-die-wichtel-kommen\/#primaryimage\"},\"image\":{\"@id\":\"https:\/\/www.jungborn.de\/blog\/hurra-die-wichtel-kommen\/#primaryimage\"},\"thumbnailUrl\":\"https:\/\/www.jungborn.de\/blog\/wp-content\/uploads\/2024\/11\/Katharinas-Weihnachts-Wichtel.jpg\",\"datePublished\":\"2024-11-05T14:55:00+00:00\",\"dateModified\":\"2024-11-05T14:55:01+00:00\",\"author\":{\"@id\":\"https:\/\/www.jungborn.de\/blog\/#\/schema\/person\/545bd99acc28d294085c231bd0ddb5d6\"},\"description\":\"Der skandinavische Brauch der Weihnachtswichtel sorgt ab 1. Dezember f\u00fcr \u00fcberraschte Kinderaugen. Durch eine kleine T\u00fcr in der Fu\u00dfleiste\",\"breadcrumb\":{\"@id\":\"https:\/\/www.jungborn.de\/blog\/hurra-die-wichtel-kommen\/#breadcrumb\"},\"inLanguage\":\"de\",\"potentialAction\":[{\"@type\":\"ReadAction\",\"target\":[\"https:\/\/www.jungborn.de\/blog\/hurra-die-wichtel-kommen\/\"]}]},{\"@type\":\"ImageObject\",\"inLanguage\":\"de\",\"@id\":\"https:\/\/www.jungborn.de\/blog\/hurra-die-wichtel-kommen\/#primaryimage\",\"url\":\"https:\/\/www.jungborn.de\/blog\/wp-content\/uploads\/2024\/11\/Katharinas-Weihnachts-Wichtel.jpg\",\"contentUrl\":\"https:\/\/www.jungborn.de\/blog\/wp-content\/uploads\/2024\/11\/Katharinas-Weihnachts-Wichtel.jpg\",\"width\":1200,\"height\":1200,\"caption\":\"Foto: Jungborn\"},{\"@type\":\"BreadcrumbList\",\"@id\":\"https:\/\/www.jungborn.de\/blog\/hurra-die-wichtel-kommen\/#breadcrumb\",\"itemListElement\":[{\"@type\":\"ListItem\",\"position\":1,\"name\":\"Startseite\",\"item\":\"https:\/\/www.jungborn.de\/blog\/\"},{\"@type\":\"ListItem\",\"position\":2,\"name\":\"Hurra, die Wichtel kommen!\"}]},{\"@type\":\"WebSite\",\"@id\":\"https:\/\/www.jungborn.de\/blog\/#website\",\"url\":\"https:\/\/www.jungborn.de\/blog\/\",\"name\":\"Jungborn Blog \u2026hat immer etwas Besonderes\",\"description\":\"\",\"potentialAction\":[{\"@type\":\"SearchAction\",\"target\":{\"@type\":\"EntryPoint\",\"urlTemplate\":\"https:\/\/www.jungborn.de\/blog\/?s={search_term_string}\"},\"query-input\":{\"@type\":\"PropertyValueSpecification\",\"valueRequired\":true,\"valueName\":\"search_term_string\"}}],\"inLanguage\":\"de\"},{\"@type\":\"Person\",\"@id\":\"https:\/\/www.jungborn.de\/blog\/#\/schema\/person\/545bd99acc28d294085c231bd0ddb5d6\",\"name\":\"Petra Wargalla\",\"image\":{\"@type\":\"ImageObject\",\"inLanguage\":\"de\",\"@id\":\"https:\/\/secure.gravatar.com\/avatar\/62b5efa07b679222e7b0a824afb68c9f34dc7e83a20374240ae8119b6e057564?s=96&d=mm&r=g\",\"url\":\"https:\/\/secure.gravatar.com\/avatar\/62b5efa07b679222e7b0a824afb68c9f34dc7e83a20374240ae8119b6e057564?s=96&d=mm&r=g\",\"contentUrl\":\"https:\/\/secure.gravatar.com\/avatar\/62b5efa07b679222e7b0a824afb68c9f34dc7e83a20374240ae8119b6e057564?s=96&d=mm&r=g\",\"caption\":\"Petra Wargalla\"},\"url\":\"https:\/\/www.jungborn.de\/blog\/author\/petra-wargallajungborn-de\/\"}]}<\/script>\n<!-- \/ Yoast SEO plugin. -->","yoast_head_json":{"title":"Hurra, die Wichtel kommen! - Jungborn Blog \u2026hat immer etwas Besonderes","description":"Der skandinavische Brauch der Weihnachtswichtel sorgt ab 1. Dezember f\u00fcr \u00fcberraschte Kinderaugen. Durch eine kleine T\u00fcr in der Fu\u00dfleiste","robots":{"index":"index","follow":"follow","max-snippet":"max-snippet:-1","max-image-preview":"max-image-preview:large","max-video-preview":"max-video-preview:-1"},"canonical":"https:\/\/www.jungborn.de\/blog\/hurra-die-wichtel-kommen\/","og_locale":"de_DE","og_type":"article","og_title":"Hurra, die Wichtel kommen! - Jungborn Blog \u2026hat immer etwas Besonderes","og_description":"Der skandinavische Brauch der Weihnachtswichtel sorgt ab 1. Dezember f\u00fcr \u00fcberraschte Kinderaugen. Durch eine kleine T\u00fcr in der Fu\u00dfleiste","og_url":"https:\/\/www.jungborn.de\/blog\/hurra-die-wichtel-kommen\/","og_site_name":"Jungborn Blog \u2026hat immer etwas Besonderes","article_published_time":"2024-11-05T14:55:00+00:00","article_modified_time":"2024-11-05T14:55:01+00:00","og_image":[{"width":1200,"height":1200,"url":"https:\/\/www.jungborn.de\/blog\/wp-content\/uploads\/2024\/11\/Katharinas-Weihnachts-Wichtel.jpg","type":"image\/jpeg"}],"author":"Petra Wargalla","twitter_card":"summary_large_image","twitter_misc":{"Verfasst von":"Petra Wargalla","Gesch\u00e4tzte Lesezeit":"3\u00a0Minuten"},"schema":{"@context":"https:\/\/schema.org","@graph":[{"@type":"Article","@id":"https:\/\/www.jungborn.de\/blog\/hurra-die-wichtel-kommen\/#article","isPartOf":{"@id":"https:\/\/www.jungborn.de\/blog\/hurra-die-wichtel-kommen\/"},"author":{"name":"Petra Wargalla","@id":"https:\/\/www.jungborn.de\/blog\/#\/schema\/person\/545bd99acc28d294085c231bd0ddb5d6"},"headline":"Hurra, die Wichtel kommen!","datePublished":"2024-11-05T14:55:00+00:00","dateModified":"2024-11-05T14:55:01+00:00","mainEntityOfPage":{"@id":"https:\/\/www.jungborn.de\/blog\/hurra-die-wichtel-kommen\/"},"wordCount":340,"commentCount":0,"image":{"@id":"https:\/\/www.jungborn.de\/blog\/hurra-die-wichtel-kommen\/#primaryimage"},"thumbnailUrl":"https:\/\/www.jungborn.de\/blog\/wp-content\/uploads\/2024\/11\/Katharinas-Weihnachts-Wichtel.jpg","keywords":["Weihnachtswichtel"],"articleSection":["Aktuelles","Kreativ mit Katharina","Trends"],"inLanguage":"de","potentialAction":[{"@type":"CommentAction","name":"Comment","target":["https:\/\/www.jungborn.de\/blog\/hurra-die-wichtel-kommen\/#respond"]}]},{"@type":"WebPage","@id":"https:\/\/www.jungborn.de\/blog\/hurra-die-wichtel-kommen\/","url":"https:\/\/www.jungborn.de\/blog\/hurra-die-wichtel-kommen\/","name":"Hurra, die Wichtel kommen! - Jungborn Blog \u2026hat immer etwas Besonderes","isPartOf":{"@id":"https:\/\/www.jungborn.de\/blog\/#website"},"primaryImageOfPage":{"@id":"https:\/\/www.jungborn.de\/blog\/hurra-die-wichtel-kommen\/#primaryimage"},"image":{"@id":"https:\/\/www.jungborn.de\/blog\/hurra-die-wichtel-kommen\/#primaryimage"},"thumbnailUrl":"https:\/\/www.jungborn.de\/blog\/wp-content\/uploads\/2024\/11\/Katharinas-Weihnachts-Wichtel.jpg","datePublished":"2024-11-05T14:55:00+00:00","dateModified":"2024-11-05T14:55:01+00:00","author":{"@id":"https:\/\/www.jungborn.de\/blog\/#\/schema\/person\/545bd99acc28d294085c231bd0ddb5d6"},"description":"Der skandinavische Brauch der Weihnachtswichtel sorgt ab 1. Dezember f\u00fcr \u00fcberraschte Kinderaugen. Durch eine kleine T\u00fcr in der Fu\u00dfleiste","breadcrumb":{"@id":"https:\/\/www.jungborn.de\/blog\/hurra-die-wichtel-kommen\/#breadcrumb"},"inLanguage":"de","potentialAction":[{"@type":"ReadAction","target":["https:\/\/www.jungborn.de\/blog\/hurra-die-wichtel-kommen\/"]}]},{"@type":"ImageObject","inLanguage":"de","@id":"https:\/\/www.jungborn.de\/blog\/hurra-die-wichtel-kommen\/#primaryimage","url":"https:\/\/www.jungborn.de\/blog\/wp-content\/uploads\/2024\/11\/Katharinas-Weihnachts-Wichtel.jpg","contentUrl":"https:\/\/www.jungborn.de\/blog\/wp-content\/uploads\/2024\/11\/Katharinas-Weihnachts-Wichtel.jpg","width":1200,"height":1200,"caption":"Foto: Jungborn"},{"@type":"BreadcrumbList","@id":"https:\/\/www.jungborn.de\/blog\/hurra-die-wichtel-kommen\/#breadcrumb","itemListElement":[{"@type":"ListItem","position":1,"name":"Startseite","item":"https:\/\/www.jungborn.de\/blog\/"},{"@type":"ListItem","position":2,"name":"Hurra, die Wichtel kommen!"}]},{"@type":"WebSite","@id":"https:\/\/www.jungborn.de\/blog\/#website","url":"https:\/\/www.jungborn.de\/blog\/","name":"Jungborn Blog \u2026hat immer etwas Besonderes","description":"","potentialAction":[{"@type":"SearchAction","target":{"@type":"EntryPoint","urlTemplate":"https:\/\/www.jungborn.de\/blog\/?s={search_term_string}"},"query-input":{"@type":"PropertyValueSpecification","valueRequired":true,"valueName":"search_term_string"}}],"inLanguage":"de"},{"@type":"Person","@id":"https:\/\/www.jungborn.de\/blog\/#\/schema\/person\/545bd99acc28d294085c231bd0ddb5d6","name":"Petra Wargalla","image":{"@type":"ImageObject","inLanguage":"de","@id":"https:\/\/secure.gravatar.com\/avatar\/62b5efa07b679222e7b0a824afb68c9f34dc7e83a20374240ae8119b6e057564?s=96&d=mm&r=g","url":"https:\/\/secure.gravatar.com\/avatar\/62b5efa07b679222e7b0a824afb68c9f34dc7e83a20374240ae8119b6e057564?s=96&d=mm&r=g","contentUrl":"https:\/\/secure.gravatar.com\/avatar\/62b5efa07b679222e7b0a824afb68c9f34dc7e83a20374240ae8119b6e057564?s=96&d=mm&r=g","caption":"Petra Wargalla"},"url":"https:\/\/www.jungborn.de\/blog\/author\/petra-wargallajungborn-de\/"}]}},"_links":{"self":[{"href":"https:\/\/www.jungborn.de\/blog\/wp-json\/wp\/v2\/posts\/5799","targetHints":{"allow":["GET"]}}],"collection":[{"href":"https:\/\/www.jungborn.de\/blog\/wp-json\/wp\/v2\/posts"}],"about":[{"href":"https:\/\/www.jungborn.de\/blog\/wp-json\/wp\/v2\/types\/post"}],"author":[{"embeddable":true,"href":"https:\/\/www.jungborn.de\/blog\/wp-json\/wp\/v2\/users\/12"}],"replies":[{"embeddable":true,"href":"https:\/\/www.jungborn.de\/blog\/wp-json\/wp\/v2\/comments?post=5799"}],"version-history":[{"count":6,"href":"https:\/\/www.jungborn.de\/blog\/wp-json\/wp\/v2\/posts\/5799\/revisions"}],"predecessor-version":[{"id":5809,"href":"https:\/\/www.jungborn.de\/blog\/wp-json\/wp\/v2\/posts\/5799\/revisions\/5809"}],"wp:featuredmedia":[{"embeddable":true,"href":"https:\/\/www.jungborn.de\/blog\/wp-json\/wp\/v2\/media\/5803"}],"wp:attachment":[{"href":"https:\/\/www.jungborn.de\/blog\/wp-json\/wp\/v2\/media?parent=5799"}],"wp:term":[{"taxonomy":"category","embeddable":true,"href":"https:\/\/www.jungborn.de\/blog\/wp-json\/wp\/v2\/categories?post=5799"},{"taxonomy":"post_tag","embeddable":true,"href":"https:\/\/www.jungborn.de\/blog\/wp-json\/wp\/v2\/tags?post=5799"}],"curies":[{"name":"wp","href":"https:\/\/api.w.org\/{rel}","templated":true}]}}