{"id":5335,"date":"2024-07-09T11:47:52","date_gmt":"2024-07-09T09:47:52","guid":{"rendered":"https:\/\/www.jungborn.de\/blog\/?p=5335"},"modified":"2025-06-19T07:50:59","modified_gmt":"2025-06-19T05:50:59","slug":"getraenkeabdeckung-aus-buegelperlen","status":"publish","type":"post","link":"https:\/\/www.jungborn.de\/blog\/getraenkeabdeckung-aus-buegelperlen\/","title":{"rendered":"Getr\u00e4nkeabdeckung aus B\u00fcgelperlen"},"content":{"rendered":"\n<p>Sommerzeit ist die sch\u00f6nste Zeit im Jahr \u2013 doch Insekten im Getr\u00e4nk sind l\u00e4stig und, wenn man an Wespen denkt, nicht ganz ungef\u00e4hrlich! Daher habe ich mir eine kreative L\u00f6sung ausgedacht: eine stilvolle Getr\u00e4nkeabdeckung aus B\u00fcgelperlen in witzigen Frucht-Designs wie Himbeere, Melone, Zitrone und Kiwi. Lassen Sie Ihrer Kreativit\u00e4t freien Lauf und genie\u00dfen Sie eine unbeschwerte  Sommerzeit!<\/p>\n\n\n<div class=\"wp-block-image\">\n<figure class=\"aligncenter size-full\"><img loading=\"lazy\" decoding=\"async\" width=\"386\" height=\"319\" src=\"https:\/\/www.jungborn.de\/blog\/wp-content\/uploads\/2024\/02\/KreativMitKatharinaLogo.png\" alt=\"\" class=\"wp-image-4782\" srcset=\"https:\/\/www.jungborn.de\/blog\/wp-content\/uploads\/2024\/02\/KreativMitKatharinaLogo.png 386w, https:\/\/www.jungborn.de\/blog\/wp-content\/uploads\/2024\/02\/KreativMitKatharinaLogo-300x248.png 300w, https:\/\/www.jungborn.de\/blog\/wp-content\/uploads\/2024\/02\/KreativMitKatharinaLogo-380x314.png 380w\" sizes=\"auto, (max-width: 386px) 100vw, 386px\" \/><figcaption class=\"wp-element-caption\">Teil 16: Getr\u00e4nkeabdeckung aus B\u00fcgelperlen<br><a href=\"http:\/\/www.pinterest.com\/pin\/create\/bookmarklet\/?url=https%3A%2F%2Fwww.jungborn.de%2Fblog%2Fstoffkuerbisse-ohne-naehen%2F&amp;media=https%3A%2F%2Fwww.jungborn.de%2Fblog%2Fwp-content%2Fuploads%2F2024%2F02%2FKreativMitKatharinaLogo.png&amp;description=Teil%204%3A%20Stoffk%C3%BCrbisse%20ohne%20N%C3%A4hen&amp;is_video=false\" target=\"_blank\" rel=\"noreferrer noopener\"><\/a><\/figcaption><\/figure><\/div>\n\n\n<h2 id=\"sie-benoetigen\" class=\"wp-block-heading\">Sie ben\u00f6tigen:<\/h2>\n\n\n\n<figure class=\"wp-block-gallery has-nested-images columns-default is-cropped wp-block-gallery-2 is-layout-flex wp-block-gallery-is-layout-flex\">\n<figure class=\"wp-block-image size-large\"><img loading=\"lazy\" decoding=\"async\" width=\"768\" height=\"1024\" data-id=\"5348\" src=\"https:\/\/www.jungborn.de\/blog\/wp-content\/uploads\/2024\/06\/SIe-brauchen-768x1024.jpg\" alt=\"\" class=\"wp-image-5348\" srcset=\"https:\/\/www.jungborn.de\/blog\/wp-content\/uploads\/2024\/06\/SIe-brauchen-768x1024.jpg 768w, https:\/\/www.jungborn.de\/blog\/wp-content\/uploads\/2024\/06\/SIe-brauchen-225x300.jpg 225w, https:\/\/www.jungborn.de\/blog\/wp-content\/uploads\/2024\/06\/SIe-brauchen-1152x1536.jpg 1152w, https:\/\/www.jungborn.de\/blog\/wp-content\/uploads\/2024\/06\/SIe-brauchen-380x507.jpg 380w, https:\/\/www.jungborn.de\/blog\/wp-content\/uploads\/2024\/06\/SIe-brauchen-800x1067.jpg 800w, https:\/\/www.jungborn.de\/blog\/wp-content\/uploads\/2024\/06\/SIe-brauchen-1160x1547.jpg 1160w, https:\/\/www.jungborn.de\/blog\/wp-content\/uploads\/2024\/06\/SIe-brauchen-640x853.jpg 640w, https:\/\/www.jungborn.de\/blog\/wp-content\/uploads\/2024\/06\/SIe-brauchen.jpg 1200w\" sizes=\"auto, (max-width: 768px) 100vw, 768px\" \/><figcaption class=\"wp-element-caption\">Foto: Jungborn<\/figcaption><\/figure>\n<\/figure>\n\n\n\n<figure class=\"wp-block-table\"><table><tbody><tr><td>1<\/td><td>B\u00fcgeleisen<\/td><\/tr><tr><td>Etwas<\/td><td>Backpapier<\/td><\/tr><tr><td>Nach Belieben<\/td><td>B\u00fcgelperlen in versch. Farben<\/td><\/tr><tr><td>1<\/td><td>Steckplatte f\u00fcr B\u00fcgelperlen<\/td><\/tr><\/tbody><\/table><\/figure>\n\n\n\n<h2 id=\"und-so-gehts\" class=\"wp-block-heading\">Und so geht&#8217;s:<\/h2>\n\n\n\n<figure class=\"wp-block-image size-large\"><img loading=\"lazy\" decoding=\"async\" width=\"1024\" height=\"1024\" src=\"https:\/\/www.jungborn.de\/blog\/wp-content\/uploads\/2024\/06\/Rand-legen-1024x1024.jpg\" alt=\"Zuerst mit den Perlen einen Rand legen\" class=\"wp-image-5351\" srcset=\"https:\/\/www.jungborn.de\/blog\/wp-content\/uploads\/2024\/06\/Rand-legen-1024x1024.jpg 1024w, https:\/\/www.jungborn.de\/blog\/wp-content\/uploads\/2024\/06\/Rand-legen-300x300.jpg 300w, https:\/\/www.jungborn.de\/blog\/wp-content\/uploads\/2024\/06\/Rand-legen-150x150.jpg 150w, https:\/\/www.jungborn.de\/blog\/wp-content\/uploads\/2024\/06\/Rand-legen-768x768.jpg 768w, https:\/\/www.jungborn.de\/blog\/wp-content\/uploads\/2024\/06\/Rand-legen-80x80.jpg 80w, https:\/\/www.jungborn.de\/blog\/wp-content\/uploads\/2024\/06\/Rand-legen-380x380.jpg 380w, https:\/\/www.jungborn.de\/blog\/wp-content\/uploads\/2024\/06\/Rand-legen-800x800.jpg 800w, https:\/\/www.jungborn.de\/blog\/wp-content\/uploads\/2024\/06\/Rand-legen-1160x1160.jpg 1160w, https:\/\/www.jungborn.de\/blog\/wp-content\/uploads\/2024\/06\/Rand-legen-640x640.jpg 640w, https:\/\/www.jungborn.de\/blog\/wp-content\/uploads\/2024\/06\/Rand-legen.jpg 1200w\" sizes=\"auto, (max-width: 1024px) 100vw, 1024px\" \/><figcaption class=\"wp-element-caption\">Foto: Jungborn<\/figcaption><\/figure>\n\n\n\n<ol class=\"wp-block-list\">\n<li>) Mein Tipp: Starten Sie auf der Steckplatte zuerst mit dem Innenrand (Loch f\u00fcr den Strohhalm lassen!) und dem Au\u00dfenrand in der gew\u00fcnschten Gr\u00f6\u00dfe.<\/li>\n<\/ol>\n\n\n\n<figure class=\"wp-block-image size-large\"><img loading=\"lazy\" decoding=\"async\" width=\"1024\" height=\"1024\" src=\"https:\/\/www.jungborn.de\/blog\/wp-content\/uploads\/2024\/06\/Innenraum-ausfuellen-1024x1024.jpg\" alt=\"Mit B\u00fcgelperlen wird der Raum zwischen den R\u00e4ndern gef\u00fcllt\" class=\"wp-image-5350\" srcset=\"https:\/\/www.jungborn.de\/blog\/wp-content\/uploads\/2024\/06\/Innenraum-ausfuellen-1024x1024.jpg 1024w, https:\/\/www.jungborn.de\/blog\/wp-content\/uploads\/2024\/06\/Innenraum-ausfuellen-300x300.jpg 300w, https:\/\/www.jungborn.de\/blog\/wp-content\/uploads\/2024\/06\/Innenraum-ausfuellen-150x150.jpg 150w, https:\/\/www.jungborn.de\/blog\/wp-content\/uploads\/2024\/06\/Innenraum-ausfuellen-768x768.jpg 768w, https:\/\/www.jungborn.de\/blog\/wp-content\/uploads\/2024\/06\/Innenraum-ausfuellen-80x80.jpg 80w, https:\/\/www.jungborn.de\/blog\/wp-content\/uploads\/2024\/06\/Innenraum-ausfuellen-380x380.jpg 380w, https:\/\/www.jungborn.de\/blog\/wp-content\/uploads\/2024\/06\/Innenraum-ausfuellen-800x800.jpg 800w, https:\/\/www.jungborn.de\/blog\/wp-content\/uploads\/2024\/06\/Innenraum-ausfuellen-1160x1160.jpg 1160w, https:\/\/www.jungborn.de\/blog\/wp-content\/uploads\/2024\/06\/Innenraum-ausfuellen-640x640.jpg 640w, https:\/\/www.jungborn.de\/blog\/wp-content\/uploads\/2024\/06\/Innenraum-ausfuellen.jpg 1200w\" sizes=\"auto, (max-width: 1024px) 100vw, 1024px\" \/><figcaption class=\"wp-element-caption\">Foto: Jungborn<\/figcaption><\/figure>\n\n\n\n<p>2. ) Nun k\u00f6nnen Sie den Raum zwischen den R\u00e4ndern f\u00fcllen, werden Sie kreativ!<\/p>\n\n\n\n<figure class=\"wp-block-image size-large\"><img loading=\"lazy\" decoding=\"async\" width=\"1024\" height=\"1024\" src=\"https:\/\/www.jungborn.de\/blog\/wp-content\/uploads\/2024\/06\/Buegeln-1024x1024.jpg\" alt=\"Die gelegten perlen B\u00fcgeln\" class=\"wp-image-5352\" srcset=\"https:\/\/www.jungborn.de\/blog\/wp-content\/uploads\/2024\/06\/Buegeln-1024x1024.jpg 1024w, https:\/\/www.jungborn.de\/blog\/wp-content\/uploads\/2024\/06\/Buegeln-300x300.jpg 300w, https:\/\/www.jungborn.de\/blog\/wp-content\/uploads\/2024\/06\/Buegeln-150x150.jpg 150w, https:\/\/www.jungborn.de\/blog\/wp-content\/uploads\/2024\/06\/Buegeln-768x768.jpg 768w, https:\/\/www.jungborn.de\/blog\/wp-content\/uploads\/2024\/06\/Buegeln-80x80.jpg 80w, https:\/\/www.jungborn.de\/blog\/wp-content\/uploads\/2024\/06\/Buegeln-380x380.jpg 380w, https:\/\/www.jungborn.de\/blog\/wp-content\/uploads\/2024\/06\/Buegeln-800x800.jpg 800w, https:\/\/www.jungborn.de\/blog\/wp-content\/uploads\/2024\/06\/Buegeln-1160x1160.jpg 1160w, https:\/\/www.jungborn.de\/blog\/wp-content\/uploads\/2024\/06\/Buegeln-640x640.jpg 640w, https:\/\/www.jungborn.de\/blog\/wp-content\/uploads\/2024\/06\/Buegeln.jpg 1200w\" sizes=\"auto, (max-width: 1024px) 100vw, 1024px\" \/><figcaption class=\"wp-element-caption\">Foto: Jungborn<\/figcaption><\/figure>\n\n\n\n<p>3. ) Wenn Sie alle Perlen gelegt haben und zufrieden sind, legen Sie das Backpapier auf die B\u00fcgelperlen und b\u00fcgeln mit schnellen, gleichm\u00e4\u00dfigen Bewegungen \u00fcber das Motiv. <\/p>\n\n\n\n<h2 id=\"video-glas-abdeckung-gegen-wespen-aus-buegelperlen\" class=\"wp-block-heading\">Video: Glas-Abdeckung gegen Wespen aus B\u00fcgelperlen<\/h2>\n\n\n\n<figure class=\"wp-block-video\"><video controls poster=\"https:\/\/www.jungborn.de\/blog\/wp-content\/uploads\/2024\/06\/Vorschaubild_Getraenkeabdeckung.jpg\" src=\"https:\/\/www.jungborn.de\/blog\/wp-content\/uploads\/2024\/06\/GetraenkeabdeckungNeu.mp4\"><\/video><figcaption class=\"wp-element-caption\">Foto: Jungborn<\/figcaption><\/figure>\n\n\n\n<p>PS: Basteln Sie die Getr\u00e4nkeabdeckung doch zusammen mit Ihren Kindern oder Enkeln! Die Kleinen sind manchmal geduldiger, als man denkt und haben tolle Ideen f\u00fcr Muster.<\/p>\n\n\n\n<p>Alles Liebe an alle Sommer- &amp; Bastelfreunde!<\/p>\n\n\n\n<p>Ihre<\/p>\n\n\n\n<figure class=\"wp-block-image size-full\"><img loading=\"lazy\" decoding=\"async\" width=\"190\" height=\"62\" src=\"https:\/\/www.jungborn.de\/blog\/wp-content\/uploads\/2023\/06\/Unterschrift_Katharina.png\" alt=\"\" class=\"wp-image-4088\"\/><figcaption class=\"wp-element-caption\">aus dem Jungborn Kundenservice<\/figcaption><\/figure>\n","protected":false},"excerpt":{"rendered":"Sommerzeit ist die sch\u00f6nste Zeit im Jahr \u2013 doch Insekten im Getr\u00e4nk sind l\u00e4stig und, wenn man an&hellip;\n","protected":false},"author":13,"featured_media":5349,"comment_status":"open","ping_status":"open","sticky":false,"template":"","format":"standard","meta":{"footnotes":""},"categories":[286,391],"tags":[419,561,560,562],"class_list":{"0":"post-5335","1":"post","2":"type-post","3":"status-publish","4":"format-standard","5":"has-post-thumbnail","7":"category-aktuelles","8":"category-kreativ-mit-katharina","9":"tag-basteln","10":"tag-buegelperlen","11":"tag-kreativ","12":"tag-schnell"},"yoast_head":"<!-- This site is optimized with the Yoast SEO plugin v27.2 - https:\/\/yoast.com\/product\/yoast-seo-wordpress\/ -->\n<title>Getr\u00e4nkeabdeckung aus B\u00fcgelperlen - Jungborn Blog \u2026hat immer etwas Besonderes<\/title>\n<meta name=\"description\" content=\"Sommerzeit ist die sch\u00f6nste Zeit im Jahr \u2013 doch Insekten im Getr\u00e4nk sind l\u00e4stig und, wenn man an Wespen denkt, nicht ganz ungef\u00e4hrlich!\" \/>\n<meta name=\"robots\" content=\"index, follow, max-snippet:-1, max-image-preview:large, max-video-preview:-1\" \/>\n<link rel=\"canonical\" href=\"https:\/\/www.jungborn.de\/blog\/getraenkeabdeckung-aus-buegelperlen\/\" \/>\n<meta property=\"og:locale\" content=\"de_DE\" \/>\n<meta property=\"og:type\" content=\"article\" \/>\n<meta property=\"og:title\" content=\"Getr\u00e4nkeabdeckung aus B\u00fcgelperlen - Jungborn Blog \u2026hat immer etwas Besonderes\" \/>\n<meta property=\"og:description\" content=\"Sommerzeit ist die sch\u00f6nste Zeit im Jahr \u2013 doch Insekten im Getr\u00e4nk sind l\u00e4stig und, wenn man an Wespen denkt, nicht ganz ungef\u00e4hrlich!\" \/>\n<meta property=\"og:url\" content=\"https:\/\/www.jungborn.de\/blog\/getraenkeabdeckung-aus-buegelperlen\/\" \/>\n<meta property=\"og:site_name\" content=\"Jungborn Blog \u2026hat immer etwas Besonderes\" \/>\n<meta property=\"article:published_time\" content=\"2024-07-09T09:47:52+00:00\" \/>\n<meta property=\"article:modified_time\" content=\"2025-06-19T05:50:59+00:00\" \/>\n<meta property=\"og:image\" content=\"https:\/\/www.jungborn.de\/blog\/wp-content\/uploads\/2024\/06\/Gesamtbild.jpg\" \/>\n\t<meta property=\"og:image:width\" content=\"1200\" \/>\n\t<meta property=\"og:image:height\" content=\"1600\" \/>\n\t<meta property=\"og:image:type\" content=\"image\/jpeg\" \/>\n<meta name=\"author\" content=\"Elias Bortel\" \/>\n<meta name=\"twitter:card\" content=\"summary_large_image\" \/>\n<meta name=\"twitter:label1\" content=\"Verfasst von\" \/>\n\t<meta name=\"twitter:data1\" content=\"Elias Bortel\" \/>\n\t<meta name=\"twitter:label2\" content=\"Gesch\u00e4tzte Lesezeit\" \/>\n\t<meta name=\"twitter:data2\" content=\"3\u00a0Minuten\" \/>\n<script type=\"application\/ld+json\" class=\"yoast-schema-graph\">{\"@context\":\"https:\/\/schema.org\",\"@graph\":[{\"@type\":\"Article\",\"@id\":\"https:\/\/www.jungborn.de\/blog\/getraenkeabdeckung-aus-buegelperlen\/#article\",\"isPartOf\":{\"@id\":\"https:\/\/www.jungborn.de\/blog\/getraenkeabdeckung-aus-buegelperlen\/\"},\"author\":{\"name\":\"Elias Bortel\",\"@id\":\"https:\/\/www.jungborn.de\/blog\/#\/schema\/person\/adab51921725e39986fa0ca426ce03c4\"},\"headline\":\"Getr\u00e4nkeabdeckung aus B\u00fcgelperlen\",\"datePublished\":\"2024-07-09T09:47:52+00:00\",\"dateModified\":\"2025-06-19T05:50:59+00:00\",\"mainEntityOfPage\":{\"@id\":\"https:\/\/www.jungborn.de\/blog\/getraenkeabdeckung-aus-buegelperlen\/\"},\"wordCount\":226,\"commentCount\":0,\"image\":{\"@id\":\"https:\/\/www.jungborn.de\/blog\/getraenkeabdeckung-aus-buegelperlen\/#primaryimage\"},\"thumbnailUrl\":\"https:\/\/www.jungborn.de\/blog\/wp-content\/uploads\/2024\/06\/Gesamtbild.jpg\",\"keywords\":[\"Basteln\",\"B\u00fcgelperlen\",\"Kreativ\",\"schnell\"],\"articleSection\":[\"Aktuelles\",\"Kreativ mit Katharina\"],\"inLanguage\":\"de\",\"potentialAction\":[{\"@type\":\"CommentAction\",\"name\":\"Comment\",\"target\":[\"https:\/\/www.jungborn.de\/blog\/getraenkeabdeckung-aus-buegelperlen\/#respond\"]}]},{\"@type\":\"WebPage\",\"@id\":\"https:\/\/www.jungborn.de\/blog\/getraenkeabdeckung-aus-buegelperlen\/\",\"url\":\"https:\/\/www.jungborn.de\/blog\/getraenkeabdeckung-aus-buegelperlen\/\",\"name\":\"Getr\u00e4nkeabdeckung aus B\u00fcgelperlen - Jungborn Blog \u2026hat immer etwas Besonderes\",\"isPartOf\":{\"@id\":\"https:\/\/www.jungborn.de\/blog\/#website\"},\"primaryImageOfPage\":{\"@id\":\"https:\/\/www.jungborn.de\/blog\/getraenkeabdeckung-aus-buegelperlen\/#primaryimage\"},\"image\":{\"@id\":\"https:\/\/www.jungborn.de\/blog\/getraenkeabdeckung-aus-buegelperlen\/#primaryimage\"},\"thumbnailUrl\":\"https:\/\/www.jungborn.de\/blog\/wp-content\/uploads\/2024\/06\/Gesamtbild.jpg\",\"datePublished\":\"2024-07-09T09:47:52+00:00\",\"dateModified\":\"2025-06-19T05:50:59+00:00\",\"author\":{\"@id\":\"https:\/\/www.jungborn.de\/blog\/#\/schema\/person\/adab51921725e39986fa0ca426ce03c4\"},\"description\":\"Sommerzeit ist die sch\u00f6nste Zeit im Jahr \u2013 doch Insekten im Getr\u00e4nk sind l\u00e4stig und, wenn man an Wespen denkt, nicht ganz ungef\u00e4hrlich!\",\"breadcrumb\":{\"@id\":\"https:\/\/www.jungborn.de\/blog\/getraenkeabdeckung-aus-buegelperlen\/#breadcrumb\"},\"inLanguage\":\"de\",\"potentialAction\":[{\"@type\":\"ReadAction\",\"target\":[\"https:\/\/www.jungborn.de\/blog\/getraenkeabdeckung-aus-buegelperlen\/\"]}]},{\"@type\":\"ImageObject\",\"inLanguage\":\"de\",\"@id\":\"https:\/\/www.jungborn.de\/blog\/getraenkeabdeckung-aus-buegelperlen\/#primaryimage\",\"url\":\"https:\/\/www.jungborn.de\/blog\/wp-content\/uploads\/2024\/06\/Gesamtbild.jpg\",\"contentUrl\":\"https:\/\/www.jungborn.de\/blog\/wp-content\/uploads\/2024\/06\/Gesamtbild.jpg\",\"width\":1200,\"height\":1600,\"caption\":\"Foto: Jungborn\"},{\"@type\":\"BreadcrumbList\",\"@id\":\"https:\/\/www.jungborn.de\/blog\/getraenkeabdeckung-aus-buegelperlen\/#breadcrumb\",\"itemListElement\":[{\"@type\":\"ListItem\",\"position\":1,\"name\":\"Startseite\",\"item\":\"https:\/\/www.jungborn.de\/blog\/\"},{\"@type\":\"ListItem\",\"position\":2,\"name\":\"Getr\u00e4nkeabdeckung aus B\u00fcgelperlen\"}]},{\"@type\":\"WebSite\",\"@id\":\"https:\/\/www.jungborn.de\/blog\/#website\",\"url\":\"https:\/\/www.jungborn.de\/blog\/\",\"name\":\"Jungborn Blog \u2026hat immer etwas Besonderes\",\"description\":\"\",\"potentialAction\":[{\"@type\":\"SearchAction\",\"target\":{\"@type\":\"EntryPoint\",\"urlTemplate\":\"https:\/\/www.jungborn.de\/blog\/?s={search_term_string}\"},\"query-input\":{\"@type\":\"PropertyValueSpecification\",\"valueRequired\":true,\"valueName\":\"search_term_string\"}}],\"inLanguage\":\"de\"},{\"@type\":\"Person\",\"@id\":\"https:\/\/www.jungborn.de\/blog\/#\/schema\/person\/adab51921725e39986fa0ca426ce03c4\",\"name\":\"Elias Bortel\",\"image\":{\"@type\":\"ImageObject\",\"inLanguage\":\"de\",\"@id\":\"https:\/\/secure.gravatar.com\/avatar\/dd569887fbc3bdb553309ee09fc65651ddf5fd5021b551fedd3b115e80681e4a?s=96&d=mm&r=g\",\"url\":\"https:\/\/secure.gravatar.com\/avatar\/dd569887fbc3bdb553309ee09fc65651ddf5fd5021b551fedd3b115e80681e4a?s=96&d=mm&r=g\",\"contentUrl\":\"https:\/\/secure.gravatar.com\/avatar\/dd569887fbc3bdb553309ee09fc65651ddf5fd5021b551fedd3b115e80681e4a?s=96&d=mm&r=g\",\"caption\":\"Elias Bortel\"},\"url\":\"https:\/\/www.jungborn.de\/blog\/author\/elias-borteljungborn-de\/\"}]}<\/script>\n<!-- \/ Yoast SEO plugin. -->","yoast_head_json":{"title":"Getr\u00e4nkeabdeckung aus B\u00fcgelperlen - Jungborn Blog \u2026hat immer etwas Besonderes","description":"Sommerzeit ist die sch\u00f6nste Zeit im Jahr \u2013 doch Insekten im Getr\u00e4nk sind l\u00e4stig und, wenn man an Wespen denkt, nicht ganz ungef\u00e4hrlich!","robots":{"index":"index","follow":"follow","max-snippet":"max-snippet:-1","max-image-preview":"max-image-preview:large","max-video-preview":"max-video-preview:-1"},"canonical":"https:\/\/www.jungborn.de\/blog\/getraenkeabdeckung-aus-buegelperlen\/","og_locale":"de_DE","og_type":"article","og_title":"Getr\u00e4nkeabdeckung aus B\u00fcgelperlen - Jungborn Blog \u2026hat immer etwas Besonderes","og_description":"Sommerzeit ist die sch\u00f6nste Zeit im Jahr \u2013 doch Insekten im Getr\u00e4nk sind l\u00e4stig und, wenn man an Wespen denkt, nicht ganz ungef\u00e4hrlich!","og_url":"https:\/\/www.jungborn.de\/blog\/getraenkeabdeckung-aus-buegelperlen\/","og_site_name":"Jungborn Blog \u2026hat immer etwas Besonderes","article_published_time":"2024-07-09T09:47:52+00:00","article_modified_time":"2025-06-19T05:50:59+00:00","og_image":[{"width":1200,"height":1600,"url":"https:\/\/www.jungborn.de\/blog\/wp-content\/uploads\/2024\/06\/Gesamtbild.jpg","type":"image\/jpeg"}],"author":"Elias Bortel","twitter_card":"summary_large_image","twitter_misc":{"Verfasst von":"Elias Bortel","Gesch\u00e4tzte Lesezeit":"3\u00a0Minuten"},"schema":{"@context":"https:\/\/schema.org","@graph":[{"@type":"Article","@id":"https:\/\/www.jungborn.de\/blog\/getraenkeabdeckung-aus-buegelperlen\/#article","isPartOf":{"@id":"https:\/\/www.jungborn.de\/blog\/getraenkeabdeckung-aus-buegelperlen\/"},"author":{"name":"Elias Bortel","@id":"https:\/\/www.jungborn.de\/blog\/#\/schema\/person\/adab51921725e39986fa0ca426ce03c4"},"headline":"Getr\u00e4nkeabdeckung aus B\u00fcgelperlen","datePublished":"2024-07-09T09:47:52+00:00","dateModified":"2025-06-19T05:50:59+00:00","mainEntityOfPage":{"@id":"https:\/\/www.jungborn.de\/blog\/getraenkeabdeckung-aus-buegelperlen\/"},"wordCount":226,"commentCount":0,"image":{"@id":"https:\/\/www.jungborn.de\/blog\/getraenkeabdeckung-aus-buegelperlen\/#primaryimage"},"thumbnailUrl":"https:\/\/www.jungborn.de\/blog\/wp-content\/uploads\/2024\/06\/Gesamtbild.jpg","keywords":["Basteln","B\u00fcgelperlen","Kreativ","schnell"],"articleSection":["Aktuelles","Kreativ mit Katharina"],"inLanguage":"de","potentialAction":[{"@type":"CommentAction","name":"Comment","target":["https:\/\/www.jungborn.de\/blog\/getraenkeabdeckung-aus-buegelperlen\/#respond"]}]},{"@type":"WebPage","@id":"https:\/\/www.jungborn.de\/blog\/getraenkeabdeckung-aus-buegelperlen\/","url":"https:\/\/www.jungborn.de\/blog\/getraenkeabdeckung-aus-buegelperlen\/","name":"Getr\u00e4nkeabdeckung aus B\u00fcgelperlen - Jungborn Blog \u2026hat immer etwas Besonderes","isPartOf":{"@id":"https:\/\/www.jungborn.de\/blog\/#website"},"primaryImageOfPage":{"@id":"https:\/\/www.jungborn.de\/blog\/getraenkeabdeckung-aus-buegelperlen\/#primaryimage"},"image":{"@id":"https:\/\/www.jungborn.de\/blog\/getraenkeabdeckung-aus-buegelperlen\/#primaryimage"},"thumbnailUrl":"https:\/\/www.jungborn.de\/blog\/wp-content\/uploads\/2024\/06\/Gesamtbild.jpg","datePublished":"2024-07-09T09:47:52+00:00","dateModified":"2025-06-19T05:50:59+00:00","author":{"@id":"https:\/\/www.jungborn.de\/blog\/#\/schema\/person\/adab51921725e39986fa0ca426ce03c4"},"description":"Sommerzeit ist die sch\u00f6nste Zeit im Jahr \u2013 doch Insekten im Getr\u00e4nk sind l\u00e4stig und, wenn man an Wespen denkt, nicht ganz ungef\u00e4hrlich!","breadcrumb":{"@id":"https:\/\/www.jungborn.de\/blog\/getraenkeabdeckung-aus-buegelperlen\/#breadcrumb"},"inLanguage":"de","potentialAction":[{"@type":"ReadAction","target":["https:\/\/www.jungborn.de\/blog\/getraenkeabdeckung-aus-buegelperlen\/"]}]},{"@type":"ImageObject","inLanguage":"de","@id":"https:\/\/www.jungborn.de\/blog\/getraenkeabdeckung-aus-buegelperlen\/#primaryimage","url":"https:\/\/www.jungborn.de\/blog\/wp-content\/uploads\/2024\/06\/Gesamtbild.jpg","contentUrl":"https:\/\/www.jungborn.de\/blog\/wp-content\/uploads\/2024\/06\/Gesamtbild.jpg","width":1200,"height":1600,"caption":"Foto: Jungborn"},{"@type":"BreadcrumbList","@id":"https:\/\/www.jungborn.de\/blog\/getraenkeabdeckung-aus-buegelperlen\/#breadcrumb","itemListElement":[{"@type":"ListItem","position":1,"name":"Startseite","item":"https:\/\/www.jungborn.de\/blog\/"},{"@type":"ListItem","position":2,"name":"Getr\u00e4nkeabdeckung aus B\u00fcgelperlen"}]},{"@type":"WebSite","@id":"https:\/\/www.jungborn.de\/blog\/#website","url":"https:\/\/www.jungborn.de\/blog\/","name":"Jungborn Blog \u2026hat immer etwas Besonderes","description":"","potentialAction":[{"@type":"SearchAction","target":{"@type":"EntryPoint","urlTemplate":"https:\/\/www.jungborn.de\/blog\/?s={search_term_string}"},"query-input":{"@type":"PropertyValueSpecification","valueRequired":true,"valueName":"search_term_string"}}],"inLanguage":"de"},{"@type":"Person","@id":"https:\/\/www.jungborn.de\/blog\/#\/schema\/person\/adab51921725e39986fa0ca426ce03c4","name":"Elias Bortel","image":{"@type":"ImageObject","inLanguage":"de","@id":"https:\/\/secure.gravatar.com\/avatar\/dd569887fbc3bdb553309ee09fc65651ddf5fd5021b551fedd3b115e80681e4a?s=96&d=mm&r=g","url":"https:\/\/secure.gravatar.com\/avatar\/dd569887fbc3bdb553309ee09fc65651ddf5fd5021b551fedd3b115e80681e4a?s=96&d=mm&r=g","contentUrl":"https:\/\/secure.gravatar.com\/avatar\/dd569887fbc3bdb553309ee09fc65651ddf5fd5021b551fedd3b115e80681e4a?s=96&d=mm&r=g","caption":"Elias Bortel"},"url":"https:\/\/www.jungborn.de\/blog\/author\/elias-borteljungborn-de\/"}]}},"_links":{"self":[{"href":"https:\/\/www.jungborn.de\/blog\/wp-json\/wp\/v2\/posts\/5335","targetHints":{"allow":["GET"]}}],"collection":[{"href":"https:\/\/www.jungborn.de\/blog\/wp-json\/wp\/v2\/posts"}],"about":[{"href":"https:\/\/www.jungborn.de\/blog\/wp-json\/wp\/v2\/types\/post"}],"author":[{"embeddable":true,"href":"https:\/\/www.jungborn.de\/blog\/wp-json\/wp\/v2\/users\/13"}],"replies":[{"embeddable":true,"href":"https:\/\/www.jungborn.de\/blog\/wp-json\/wp\/v2\/comments?post=5335"}],"version-history":[{"count":5,"href":"https:\/\/www.jungborn.de\/blog\/wp-json\/wp\/v2\/posts\/5335\/revisions"}],"predecessor-version":[{"id":6589,"href":"https:\/\/www.jungborn.de\/blog\/wp-json\/wp\/v2\/posts\/5335\/revisions\/6589"}],"wp:featuredmedia":[{"embeddable":true,"href":"https:\/\/www.jungborn.de\/blog\/wp-json\/wp\/v2\/media\/5349"}],"wp:attachment":[{"href":"https:\/\/www.jungborn.de\/blog\/wp-json\/wp\/v2\/media?parent=5335"}],"wp:term":[{"taxonomy":"category","embeddable":true,"href":"https:\/\/www.jungborn.de\/blog\/wp-json\/wp\/v2\/categories?post=5335"},{"taxonomy":"post_tag","embeddable":true,"href":"https:\/\/www.jungborn.de\/blog\/wp-json\/wp\/v2\/tags?post=5335"}],"curies":[{"name":"wp","href":"https:\/\/api.w.org\/{rel}","templated":true}]}}