{"id":4247,"date":"2023-08-04T10:44:00","date_gmt":"2023-08-04T08:44:00","guid":{"rendered":"https:\/\/www.jungborn.de\/blog\/?p=4247"},"modified":"2026-02-11T14:56:26","modified_gmt":"2026-02-11T13:56:26","slug":"das-sommer-interview-mit-juergen-knecht","status":"publish","type":"post","link":"https:\/\/www.jungborn.de\/blog\/das-sommer-interview-mit-juergen-knecht\/","title":{"rendered":"Das Sommer-Interview mit J\u00fcrgen Knecht"},"content":{"rendered":"\n<p><strong>Jungborns erfolgreiche Tra\u00addi\u00adtions\u00ad\u00admarke \u201eGut Kampen\u201c feiert 10-j\u00e4hriges Jubil\u00e4um! \u00dcber 50 Produkte aus verschiedenen Waren\u00adgruppen, von Fertig\u00adgerichten und Brot bis Wurst- und Wein\u00adspezialit\u00e4ten, vereint die Marke. Feinste Qualit\u00e4t wie selbstgemacht, das ist Gut Kampen, so hei\u00dft es. Das interessiert uns und wir befragten dazu den Gesch\u00e4ftsf\u00fchrer von Jungborn,<br>J\u00fcrgen Knecht.<\/strong><\/p>\n\n\n\n<p class=\"has-luminous-vivid-orange-color has-text-color\">Herr Knecht, es gibt wieder einen Grund zu feiern bei Jungborn. Denn vor gut 10 Jahren hat Jungborn die ersten Qualit\u00e4ts\u00adprodukte unter der Marke Gut Kampen eingef\u00fchrt. Was war dabei das Ziel?<\/p>\n\n\n\n<p>Ziel war es, besondere Produkte aus ehr\u00adlichen Zutaten, nach traditionellen Rezepten und dem gewissen Extra an Geschmack herzustellen. Nehmen Sie<strong> zum Beispiel die Landw\u00fcrstchen<\/strong>, die haben einen Fleischanteil von 80 Prozent und das Fleisch kommt vorwiegend von regionalen <strong>Rassen wie Moorschwein oder Bentheimer Landschwein aus nat\u00fcrlicheren Haltungsbedingungen<\/strong>. Den Unterschied schmeckt man! Nat\u00fcrlich hat ein solches Produkt auch einen etwas h\u00f6heren Preis.<\/p>\n\n\n\n<p class=\"has-luminous-vivid-orange-color has-text-color\">Das Sortiment umfasst mittlerweile \u00fcber 50 Produkte aus verschiedenen Warengruppen. Kann man Gut Kampen Produkte auch woanders kaufen oder nur bei Jungborn?<\/p>\n\n\n\n<p>Gut Kampen Produkte gibt es tats\u00e4chlich nur <strong>exklusiv bei Jungborn<\/strong> \u2013 genau wie unseren ausgezeichneten <strong>Ogo Kaffee oder unsere hochwertigen Saftspezialit\u00e4ten.<\/strong><\/p>\n\n\n\n<figure class=\"wp-block-image size-full\"><img loading=\"lazy\" decoding=\"async\" width=\"269\" height=\"198\" src=\"https:\/\/www.jungborn.de\/blog\/wp-content\/uploads\/2023\/08\/Gut_Kampen_10-Jahre.jpg\" alt=\"\" class=\"wp-image-4249\"\/><figcaption>Erfolgsrezepte seit 10 Jahren: Herzlichen Gl\u00fcckwunsch!<\/figcaption><\/figure>\n\n\n\n<p class=\"has-luminous-vivid-orange-color has-text-color\">Kann man das \u201eGut Kampen\u201c auch besuchen?<\/p>\n\n\n\n<p>Ja, das <strong>\u201eGut Kampen\u201c ist ein Landgut in der L\u00fcneburger Heide.<\/strong> Leider steht es in keiner direkten Verbindung zu uns, also im Sinne einer Produktions-, Verkaufs- oder Besuchsst\u00e4tte. Wir nutzen lediglich die Markenrechte. Urspr\u00fcnglich hatten wir in Zusammenarbeit mit der Landgut\u00adbesitzerin vor, dort einen attraktiven <strong>Gut Kampen Hofladen<\/strong> einzurichten. Doch der \u201eFamilien\u00adrat\u201c lehnte ab, weil durch die Beliebtheit der Marke ein gr\u00f6\u00dferer Besucherandrang bef\u00fcrchtet wurde. Man hat uns dann mit einigen <strong>k\u00f6stlichen Rezepturen<\/strong> aus der Gutsk\u00fcche \u201eentsch\u00e4digt\u201c, die wir bei einigen Gerichten auch im Einsatz haben wie bei der <strong>Roten Gr\u00fctze, beim Gem\u00fcsetopf und bei der Gulaschsuppe.<\/strong><\/p>\n\n\n\n<p class=\"has-luminous-vivid-orange-color has-text-color\">Das ist ja interessant. Aber wer stellt denn dann diese Produkte f\u00fcr Jungborn her?<\/p>\n\n\n\n<p>Unsere Gut Kampen Produkte werden von einer Auswahl verschiedener und spezialisierter Herstellerbetriebe in Zusammenarbeit mit uns gefertigt. Dazu geh\u00f6ren auch verschiedene <strong>Brot- und Kuchenspezialit\u00e4ten. <\/strong>Als Qualit\u00e4tsmarke von Jungborn spiegelt Gut Kampen genau das wider, was die l\u00e4ndliche Gutsk\u00fcche auszeichnet:<strong> Tradition, Bodenst\u00e4ndigkeit und ein solides K\u00fcchenhandwerk.<\/strong> Die Produkte sollen nicht nur \u00e4u\u00dferst schmackhaft sein, sondern auch ein gewisses Gef\u00fchl von Heimat schenken \u2026 ein bisschen Werbung darf ich doch machen, oder?<\/p>\n\n\n\n<p class=\"has-luminous-vivid-orange-color has-text-color\">Selbstverst\u00e4ndlich, als Gesch\u00e4ftsf\u00fchrer m\u00fcssen Sie das ja auch (lacht).<\/p>\n\n\n\n<p>Es f\u00e4llt mir schwer, es nicht zu tun! Weil ich selbst voll und ganz hinter den Produkten stehe. Ich wei\u00df einfach, <strong>dass ich mich auf die Qualit\u00e4t verlassen kann. <\/strong>Wahnsinnig viele positive Kundenmeinungen best\u00e4tigen uns auch darin. Nat\u00fcrlich gibt es hin und wieder auch mal kritische Anmerkungen seitens der Kundschaft, dass zum Beispiel weniger oder mehr Salz gew\u00fcnscht wird, aber das h\u00e4lt sich in Grenzen und ist <strong>nat\u00fcrlich auch Geschmackssache.<\/strong> Wir pr\u00fcfen trotzdem alle Bemerkungen und teilweise haben wir die <strong>Vorschl\u00e4ge auch angenommen und Rezepturen angepasst.<\/strong><\/p>\n\n\n\n<p class=\"has-luminous-vivid-orange-color has-text-color\">Wollen Sie uns zum Abschluss denn verraten, welche die aktuell 5 meistverkauften Gut Kampen Produkte sind?<\/p>\n\n\n\n<p>Sehr gerne, ich habe hier gerade meine Liste f\u00fcr 2023 (bl\u00e4ttert): An erster Stelle stehen die <strong>K\u00f6nigsberger Klopse, <\/strong>den zweiten Platz besetzt die <strong>Gulaschsuppe<\/strong>, an dritter Stelle kommen die <strong>Kohlrouladen<\/strong>, Nummer 4 ist die <strong>Streichmettwurst grob <\/strong>und auf Platz 5 folgen dann die <strong>Landw\u00fcrstchen<\/strong> \u2026<\/p>\n\n\n\n<p class=\"has-luminous-vivid-orange-color has-text-color\">Die K\u00f6nigsberger Klopse! Jetzt w\u00fcrde mich noch interessieren, welches die st\u00e4rkste Konfit\u00fcre ist?<\/p>\n\n\n\n<p>Das ist einfach und seit Jahren stabil: ganz klar unsere <strong>Gut Kampen Hagebuttenkonfit\u00fcre!<\/strong> Haben Sie die auch schon mal probiert?<\/p>\n\n\n\n<p class=\"has-luminous-vivid-orange-color has-text-color\">(geknickt) Ich muss gestehen, bisher noch nicht!<\/p>\n\n\n\n<p>Das \u00e4ndern wir sofort! (ruft seine Mitarbeiterin) Bitte seien Sie so nett und versorgen Sie die Kollegin hier mit einer Auswahl von Gut Kampen Konfit\u00fcren!<\/p>\n\n\n\n<p class=\"has-luminous-vivid-orange-color has-text-color\">Oh, danke! Das ist ja toll, da freue ich mich sehr! Herr Knecht, und ich danke Ihnen sehr f\u00fcr das kurzweilige Gespr\u00e4ch und w\u00fcnsche Gut Kampen und Jungborn weiterhin viel Erfolg!<\/p>\n\n\n\n<p>Ich habe zu danken! Und lassen Sie es sich schmecken!<\/p>\n\n\n\n<hr class=\"wp-block-separator has-css-opacity is-style-default\"\/>\n\n\n\n<h2 id=\"kurzportrait-juergen-knecht\" class=\"wp-block-heading\">Kurzportrait J\u00fcrgen Knecht<\/h2>\n\n\n\n<p>Jungborn Gesch\u00e4ftsf\u00fchrer seit 2010, Dipl. Ern\u00e4hrungswissenschaftler (Uni Bonn), vor Jungborn besch\u00e4ftigt bei: ALDI, MILRAM, Golden Toast und Me\u00dfmer-Tee, 55 Jahre, verheiratet, 4 erwachsene Kinder.<\/p>\n","protected":false},"excerpt":{"rendered":"Jungborns erfolgreiche Tra\u00addi\u00adtions\u00ad\u00admarke \u201eGut Kampen\u201c feiert 10-j\u00e4hriges Jubil\u00e4um! \u00dcber 50 Produkte aus verschiedenen Waren\u00adgruppen, von Fertig\u00adgerichten und Brot&hellip;\n","protected":false},"author":12,"featured_media":1722,"comment_status":"open","ping_status":"open","sticky":false,"template":"","format":"standard","meta":{"footnotes":""},"categories":[286,362,723],"tags":[413,416,415,414,412],"class_list":{"0":"post-4247","1":"post","2":"type-post","3":"status-publish","4":"format-standard","5":"has-post-thumbnail","7":"category-aktuelles","8":"category-ueber-jungborn","9":"category-ueber-uns","10":"tag-gut-kampen","11":"tag-gutskueche","12":"tag-hausmacherkost","13":"tag-hausmannskost","14":"tag-juergen-knecht"},"yoast_head":"<!-- This site is optimized with the Yoast SEO plugin v27.2 - https:\/\/yoast.com\/product\/yoast-seo-wordpress\/ -->\n<title>Das Sommer-Interview mit J\u00fcrgen Knecht - Jungborn Blog \u2026hat immer etwas Besonderes<\/title>\n<meta name=\"description\" content=\"Jungborns erfolgreiche Tra\u00addi\u00adtions\u00ad\u00admarke \u201eGut Kampen\u201c feiert 10-j\u00e4hriges Jubil\u00e4um! \u00dcber 50 Produkte aus verschiedenen Waren\u00adgruppen, von Fertig\u00adgerichten und Brot bis Wurst- und Wein\u00adspezialit\u00e4ten, vereint die Marke. Feinste Qualit\u00e4t wie selbstgemacht, das ist Gut Kampen, so hei\u00dft es. Das interessiert uns und wir befragten dazu den Gesch\u00e4ftsf\u00fchrer von Jungborn,J\u00fcrgen Knecht.\" \/>\n<meta name=\"robots\" content=\"index, follow, max-snippet:-1, max-image-preview:large, max-video-preview:-1\" \/>\n<link rel=\"canonical\" href=\"https:\/\/www.jungborn.de\/blog\/das-sommer-interview-mit-juergen-knecht\/\" \/>\n<meta property=\"og:locale\" content=\"de_DE\" \/>\n<meta property=\"og:type\" content=\"article\" \/>\n<meta property=\"og:title\" content=\"Das Sommer-Interview mit J\u00fcrgen Knecht - Jungborn Blog \u2026hat immer etwas Besonderes\" \/>\n<meta property=\"og:description\" content=\"Jungborns erfolgreiche Tra\u00addi\u00adtions\u00ad\u00admarke \u201eGut Kampen\u201c feiert 10-j\u00e4hriges Jubil\u00e4um! \u00dcber 50 Produkte aus verschiedenen Waren\u00adgruppen, von Fertig\u00adgerichten und Brot bis Wurst- und Wein\u00adspezialit\u00e4ten, vereint die Marke. Feinste Qualit\u00e4t wie selbstgemacht, das ist Gut Kampen, so hei\u00dft es. Das interessiert uns und wir befragten dazu den Gesch\u00e4ftsf\u00fchrer von Jungborn,J\u00fcrgen Knecht.\" \/>\n<meta property=\"og:url\" content=\"https:\/\/www.jungborn.de\/blog\/das-sommer-interview-mit-juergen-knecht\/\" \/>\n<meta property=\"og:site_name\" content=\"Jungborn Blog \u2026hat immer etwas Besonderes\" \/>\n<meta property=\"article:published_time\" content=\"2023-08-04T08:44:00+00:00\" \/>\n<meta property=\"article:modified_time\" content=\"2026-02-11T13:56:26+00:00\" \/>\n<meta property=\"og:image\" content=\"https:\/\/www.jungborn.de\/blog\/wp-content\/uploads\/2021\/03\/Jungborn_Geschaeftsfuehrer_Juergen_Knecht-1024x683.png\" \/>\n\t<meta property=\"og:image:width\" content=\"1024\" \/>\n\t<meta property=\"og:image:height\" content=\"683\" \/>\n\t<meta property=\"og:image:type\" content=\"image\/png\" \/>\n<meta name=\"author\" content=\"Petra Wargalla\" \/>\n<meta name=\"twitter:card\" content=\"summary_large_image\" \/>\n<meta name=\"twitter:label1\" content=\"Verfasst von\" \/>\n\t<meta name=\"twitter:data1\" content=\"Petra Wargalla\" \/>\n\t<meta name=\"twitter:label2\" content=\"Gesch\u00e4tzte Lesezeit\" \/>\n\t<meta name=\"twitter:data2\" content=\"5\u00a0Minuten\" \/>\n<script type=\"application\/ld+json\" class=\"yoast-schema-graph\">{\"@context\":\"https:\/\/schema.org\",\"@graph\":[{\"@type\":\"Article\",\"@id\":\"https:\/\/www.jungborn.de\/blog\/das-sommer-interview-mit-juergen-knecht\/#article\",\"isPartOf\":{\"@id\":\"https:\/\/www.jungborn.de\/blog\/das-sommer-interview-mit-juergen-knecht\/\"},\"author\":{\"name\":\"Petra Wargalla\",\"@id\":\"https:\/\/www.jungborn.de\/blog\/#\/schema\/person\/545bd99acc28d294085c231bd0ddb5d6\"},\"headline\":\"Das Sommer-Interview mit J\u00fcrgen Knecht\",\"datePublished\":\"2023-08-04T08:44:00+00:00\",\"dateModified\":\"2026-02-11T13:56:26+00:00\",\"mainEntityOfPage\":{\"@id\":\"https:\/\/www.jungborn.de\/blog\/das-sommer-interview-mit-juergen-knecht\/\"},\"wordCount\":738,\"commentCount\":0,\"image\":{\"@id\":\"https:\/\/www.jungborn.de\/blog\/das-sommer-interview-mit-juergen-knecht\/#primaryimage\"},\"thumbnailUrl\":\"https:\/\/www.jungborn.de\/blog\/wp-content\/uploads\/2021\/03\/Jungborn_Geschaeftsfuehrer_Juergen_Knecht.png\",\"keywords\":[\"Gut Kampen\",\"Gutsk\u00fcche\",\"Hausmacherkost\",\"Hausmannskost\",\"J\u00fcrgen Knecht\"],\"articleSection\":[\"Aktuelles\",\"\u00dcber Jungborn\",\"\u00dcber uns\"],\"inLanguage\":\"de\",\"potentialAction\":[{\"@type\":\"CommentAction\",\"name\":\"Comment\",\"target\":[\"https:\/\/www.jungborn.de\/blog\/das-sommer-interview-mit-juergen-knecht\/#respond\"]}]},{\"@type\":\"WebPage\",\"@id\":\"https:\/\/www.jungborn.de\/blog\/das-sommer-interview-mit-juergen-knecht\/\",\"url\":\"https:\/\/www.jungborn.de\/blog\/das-sommer-interview-mit-juergen-knecht\/\",\"name\":\"Das Sommer-Interview mit J\u00fcrgen Knecht - Jungborn Blog \u2026hat immer etwas Besonderes\",\"isPartOf\":{\"@id\":\"https:\/\/www.jungborn.de\/blog\/#website\"},\"primaryImageOfPage\":{\"@id\":\"https:\/\/www.jungborn.de\/blog\/das-sommer-interview-mit-juergen-knecht\/#primaryimage\"},\"image\":{\"@id\":\"https:\/\/www.jungborn.de\/blog\/das-sommer-interview-mit-juergen-knecht\/#primaryimage\"},\"thumbnailUrl\":\"https:\/\/www.jungborn.de\/blog\/wp-content\/uploads\/2021\/03\/Jungborn_Geschaeftsfuehrer_Juergen_Knecht.png\",\"datePublished\":\"2023-08-04T08:44:00+00:00\",\"dateModified\":\"2026-02-11T13:56:26+00:00\",\"author\":{\"@id\":\"https:\/\/www.jungborn.de\/blog\/#\/schema\/person\/545bd99acc28d294085c231bd0ddb5d6\"},\"description\":\"Jungborns erfolgreiche Tra\u00addi\u00adtions\u00ad\u00admarke \u201eGut Kampen\u201c feiert 10-j\u00e4hriges Jubil\u00e4um! \u00dcber 50 Produkte aus verschiedenen Waren\u00adgruppen, von Fertig\u00adgerichten und Brot bis Wurst- und Wein\u00adspezialit\u00e4ten, vereint die Marke. Feinste Qualit\u00e4t wie selbstgemacht, das ist Gut Kampen, so hei\u00dft es. Das interessiert uns und wir befragten dazu den Gesch\u00e4ftsf\u00fchrer von Jungborn,J\u00fcrgen Knecht.\",\"breadcrumb\":{\"@id\":\"https:\/\/www.jungborn.de\/blog\/das-sommer-interview-mit-juergen-knecht\/#breadcrumb\"},\"inLanguage\":\"de\",\"potentialAction\":[{\"@type\":\"ReadAction\",\"target\":[\"https:\/\/www.jungborn.de\/blog\/das-sommer-interview-mit-juergen-knecht\/\"]}]},{\"@type\":\"ImageObject\",\"inLanguage\":\"de\",\"@id\":\"https:\/\/www.jungborn.de\/blog\/das-sommer-interview-mit-juergen-knecht\/#primaryimage\",\"url\":\"https:\/\/www.jungborn.de\/blog\/wp-content\/uploads\/2021\/03\/Jungborn_Geschaeftsfuehrer_Juergen_Knecht.png\",\"contentUrl\":\"https:\/\/www.jungborn.de\/blog\/wp-content\/uploads\/2021\/03\/Jungborn_Geschaeftsfuehrer_Juergen_Knecht.png\",\"width\":1890,\"height\":1260,\"caption\":\"Foto: Jungborn\"},{\"@type\":\"BreadcrumbList\",\"@id\":\"https:\/\/www.jungborn.de\/blog\/das-sommer-interview-mit-juergen-knecht\/#breadcrumb\",\"itemListElement\":[{\"@type\":\"ListItem\",\"position\":1,\"name\":\"Startseite\",\"item\":\"https:\/\/www.jungborn.de\/blog\/\"},{\"@type\":\"ListItem\",\"position\":2,\"name\":\"Das Sommer-Interview mit J\u00fcrgen Knecht\"}]},{\"@type\":\"WebSite\",\"@id\":\"https:\/\/www.jungborn.de\/blog\/#website\",\"url\":\"https:\/\/www.jungborn.de\/blog\/\",\"name\":\"Jungborn Blog \u2026hat immer etwas Besonderes\",\"description\":\"\",\"potentialAction\":[{\"@type\":\"SearchAction\",\"target\":{\"@type\":\"EntryPoint\",\"urlTemplate\":\"https:\/\/www.jungborn.de\/blog\/?s={search_term_string}\"},\"query-input\":{\"@type\":\"PropertyValueSpecification\",\"valueRequired\":true,\"valueName\":\"search_term_string\"}}],\"inLanguage\":\"de\"},{\"@type\":\"Person\",\"@id\":\"https:\/\/www.jungborn.de\/blog\/#\/schema\/person\/545bd99acc28d294085c231bd0ddb5d6\",\"name\":\"Petra Wargalla\",\"image\":{\"@type\":\"ImageObject\",\"inLanguage\":\"de\",\"@id\":\"https:\/\/secure.gravatar.com\/avatar\/62b5efa07b679222e7b0a824afb68c9f34dc7e83a20374240ae8119b6e057564?s=96&d=mm&r=g\",\"url\":\"https:\/\/secure.gravatar.com\/avatar\/62b5efa07b679222e7b0a824afb68c9f34dc7e83a20374240ae8119b6e057564?s=96&d=mm&r=g\",\"contentUrl\":\"https:\/\/secure.gravatar.com\/avatar\/62b5efa07b679222e7b0a824afb68c9f34dc7e83a20374240ae8119b6e057564?s=96&d=mm&r=g\",\"caption\":\"Petra Wargalla\"},\"url\":\"https:\/\/www.jungborn.de\/blog\/author\/petra-wargallajungborn-de\/\"}]}<\/script>\n<!-- \/ Yoast SEO plugin. -->","yoast_head_json":{"title":"Das Sommer-Interview mit J\u00fcrgen Knecht - Jungborn Blog \u2026hat immer etwas Besonderes","description":"Jungborns erfolgreiche Tra\u00addi\u00adtions\u00ad\u00admarke \u201eGut Kampen\u201c feiert 10-j\u00e4hriges Jubil\u00e4um! \u00dcber 50 Produkte aus verschiedenen Waren\u00adgruppen, von Fertig\u00adgerichten und Brot bis Wurst- und Wein\u00adspezialit\u00e4ten, vereint die Marke. Feinste Qualit\u00e4t wie selbstgemacht, das ist Gut Kampen, so hei\u00dft es. Das interessiert uns und wir befragten dazu den Gesch\u00e4ftsf\u00fchrer von Jungborn,J\u00fcrgen Knecht.","robots":{"index":"index","follow":"follow","max-snippet":"max-snippet:-1","max-image-preview":"max-image-preview:large","max-video-preview":"max-video-preview:-1"},"canonical":"https:\/\/www.jungborn.de\/blog\/das-sommer-interview-mit-juergen-knecht\/","og_locale":"de_DE","og_type":"article","og_title":"Das Sommer-Interview mit J\u00fcrgen Knecht - Jungborn Blog \u2026hat immer etwas Besonderes","og_description":"Jungborns erfolgreiche Tra\u00addi\u00adtions\u00ad\u00admarke \u201eGut Kampen\u201c feiert 10-j\u00e4hriges Jubil\u00e4um! \u00dcber 50 Produkte aus verschiedenen Waren\u00adgruppen, von Fertig\u00adgerichten und Brot bis Wurst- und Wein\u00adspezialit\u00e4ten, vereint die Marke. Feinste Qualit\u00e4t wie selbstgemacht, das ist Gut Kampen, so hei\u00dft es. Das interessiert uns und wir befragten dazu den Gesch\u00e4ftsf\u00fchrer von Jungborn,J\u00fcrgen Knecht.","og_url":"https:\/\/www.jungborn.de\/blog\/das-sommer-interview-mit-juergen-knecht\/","og_site_name":"Jungborn Blog \u2026hat immer etwas Besonderes","article_published_time":"2023-08-04T08:44:00+00:00","article_modified_time":"2026-02-11T13:56:26+00:00","og_image":[{"width":1024,"height":683,"url":"https:\/\/www.jungborn.de\/blog\/wp-content\/uploads\/2021\/03\/Jungborn_Geschaeftsfuehrer_Juergen_Knecht-1024x683.png","type":"image\/png"}],"author":"Petra Wargalla","twitter_card":"summary_large_image","twitter_misc":{"Verfasst von":"Petra Wargalla","Gesch\u00e4tzte Lesezeit":"5\u00a0Minuten"},"schema":{"@context":"https:\/\/schema.org","@graph":[{"@type":"Article","@id":"https:\/\/www.jungborn.de\/blog\/das-sommer-interview-mit-juergen-knecht\/#article","isPartOf":{"@id":"https:\/\/www.jungborn.de\/blog\/das-sommer-interview-mit-juergen-knecht\/"},"author":{"name":"Petra Wargalla","@id":"https:\/\/www.jungborn.de\/blog\/#\/schema\/person\/545bd99acc28d294085c231bd0ddb5d6"},"headline":"Das Sommer-Interview mit J\u00fcrgen Knecht","datePublished":"2023-08-04T08:44:00+00:00","dateModified":"2026-02-11T13:56:26+00:00","mainEntityOfPage":{"@id":"https:\/\/www.jungborn.de\/blog\/das-sommer-interview-mit-juergen-knecht\/"},"wordCount":738,"commentCount":0,"image":{"@id":"https:\/\/www.jungborn.de\/blog\/das-sommer-interview-mit-juergen-knecht\/#primaryimage"},"thumbnailUrl":"https:\/\/www.jungborn.de\/blog\/wp-content\/uploads\/2021\/03\/Jungborn_Geschaeftsfuehrer_Juergen_Knecht.png","keywords":["Gut Kampen","Gutsk\u00fcche","Hausmacherkost","Hausmannskost","J\u00fcrgen Knecht"],"articleSection":["Aktuelles","\u00dcber Jungborn","\u00dcber uns"],"inLanguage":"de","potentialAction":[{"@type":"CommentAction","name":"Comment","target":["https:\/\/www.jungborn.de\/blog\/das-sommer-interview-mit-juergen-knecht\/#respond"]}]},{"@type":"WebPage","@id":"https:\/\/www.jungborn.de\/blog\/das-sommer-interview-mit-juergen-knecht\/","url":"https:\/\/www.jungborn.de\/blog\/das-sommer-interview-mit-juergen-knecht\/","name":"Das Sommer-Interview mit J\u00fcrgen Knecht - Jungborn Blog \u2026hat immer etwas Besonderes","isPartOf":{"@id":"https:\/\/www.jungborn.de\/blog\/#website"},"primaryImageOfPage":{"@id":"https:\/\/www.jungborn.de\/blog\/das-sommer-interview-mit-juergen-knecht\/#primaryimage"},"image":{"@id":"https:\/\/www.jungborn.de\/blog\/das-sommer-interview-mit-juergen-knecht\/#primaryimage"},"thumbnailUrl":"https:\/\/www.jungborn.de\/blog\/wp-content\/uploads\/2021\/03\/Jungborn_Geschaeftsfuehrer_Juergen_Knecht.png","datePublished":"2023-08-04T08:44:00+00:00","dateModified":"2026-02-11T13:56:26+00:00","author":{"@id":"https:\/\/www.jungborn.de\/blog\/#\/schema\/person\/545bd99acc28d294085c231bd0ddb5d6"},"description":"Jungborns erfolgreiche Tra\u00addi\u00adtions\u00ad\u00admarke \u201eGut Kampen\u201c feiert 10-j\u00e4hriges Jubil\u00e4um! \u00dcber 50 Produkte aus verschiedenen Waren\u00adgruppen, von Fertig\u00adgerichten und Brot bis Wurst- und Wein\u00adspezialit\u00e4ten, vereint die Marke. Feinste Qualit\u00e4t wie selbstgemacht, das ist Gut Kampen, so hei\u00dft es. Das interessiert uns und wir befragten dazu den Gesch\u00e4ftsf\u00fchrer von Jungborn,J\u00fcrgen Knecht.","breadcrumb":{"@id":"https:\/\/www.jungborn.de\/blog\/das-sommer-interview-mit-juergen-knecht\/#breadcrumb"},"inLanguage":"de","potentialAction":[{"@type":"ReadAction","target":["https:\/\/www.jungborn.de\/blog\/das-sommer-interview-mit-juergen-knecht\/"]}]},{"@type":"ImageObject","inLanguage":"de","@id":"https:\/\/www.jungborn.de\/blog\/das-sommer-interview-mit-juergen-knecht\/#primaryimage","url":"https:\/\/www.jungborn.de\/blog\/wp-content\/uploads\/2021\/03\/Jungborn_Geschaeftsfuehrer_Juergen_Knecht.png","contentUrl":"https:\/\/www.jungborn.de\/blog\/wp-content\/uploads\/2021\/03\/Jungborn_Geschaeftsfuehrer_Juergen_Knecht.png","width":1890,"height":1260,"caption":"Foto: Jungborn"},{"@type":"BreadcrumbList","@id":"https:\/\/www.jungborn.de\/blog\/das-sommer-interview-mit-juergen-knecht\/#breadcrumb","itemListElement":[{"@type":"ListItem","position":1,"name":"Startseite","item":"https:\/\/www.jungborn.de\/blog\/"},{"@type":"ListItem","position":2,"name":"Das Sommer-Interview mit J\u00fcrgen Knecht"}]},{"@type":"WebSite","@id":"https:\/\/www.jungborn.de\/blog\/#website","url":"https:\/\/www.jungborn.de\/blog\/","name":"Jungborn Blog \u2026hat immer etwas Besonderes","description":"","potentialAction":[{"@type":"SearchAction","target":{"@type":"EntryPoint","urlTemplate":"https:\/\/www.jungborn.de\/blog\/?s={search_term_string}"},"query-input":{"@type":"PropertyValueSpecification","valueRequired":true,"valueName":"search_term_string"}}],"inLanguage":"de"},{"@type":"Person","@id":"https:\/\/www.jungborn.de\/blog\/#\/schema\/person\/545bd99acc28d294085c231bd0ddb5d6","name":"Petra Wargalla","image":{"@type":"ImageObject","inLanguage":"de","@id":"https:\/\/secure.gravatar.com\/avatar\/62b5efa07b679222e7b0a824afb68c9f34dc7e83a20374240ae8119b6e057564?s=96&d=mm&r=g","url":"https:\/\/secure.gravatar.com\/avatar\/62b5efa07b679222e7b0a824afb68c9f34dc7e83a20374240ae8119b6e057564?s=96&d=mm&r=g","contentUrl":"https:\/\/secure.gravatar.com\/avatar\/62b5efa07b679222e7b0a824afb68c9f34dc7e83a20374240ae8119b6e057564?s=96&d=mm&r=g","caption":"Petra Wargalla"},"url":"https:\/\/www.jungborn.de\/blog\/author\/petra-wargallajungborn-de\/"}]}},"_links":{"self":[{"href":"https:\/\/www.jungborn.de\/blog\/wp-json\/wp\/v2\/posts\/4247","targetHints":{"allow":["GET"]}}],"collection":[{"href":"https:\/\/www.jungborn.de\/blog\/wp-json\/wp\/v2\/posts"}],"about":[{"href":"https:\/\/www.jungborn.de\/blog\/wp-json\/wp\/v2\/types\/post"}],"author":[{"embeddable":true,"href":"https:\/\/www.jungborn.de\/blog\/wp-json\/wp\/v2\/users\/12"}],"replies":[{"embeddable":true,"href":"https:\/\/www.jungborn.de\/blog\/wp-json\/wp\/v2\/comments?post=4247"}],"version-history":[{"count":4,"href":"https:\/\/www.jungborn.de\/blog\/wp-json\/wp\/v2\/posts\/4247\/revisions"}],"predecessor-version":[{"id":4252,"href":"https:\/\/www.jungborn.de\/blog\/wp-json\/wp\/v2\/posts\/4247\/revisions\/4252"}],"wp:featuredmedia":[{"embeddable":true,"href":"https:\/\/www.jungborn.de\/blog\/wp-json\/wp\/v2\/media\/1722"}],"wp:attachment":[{"href":"https:\/\/www.jungborn.de\/blog\/wp-json\/wp\/v2\/media?parent=4247"}],"wp:term":[{"taxonomy":"category","embeddable":true,"href":"https:\/\/www.jungborn.de\/blog\/wp-json\/wp\/v2\/categories?post=4247"},{"taxonomy":"post_tag","embeddable":true,"href":"https:\/\/www.jungborn.de\/blog\/wp-json\/wp\/v2\/tags?post=4247"}],"curies":[{"name":"wp","href":"https:\/\/api.w.org\/{rel}","templated":true}]}}