{"id":1907,"date":"2021-05-06T15:45:46","date_gmt":"2021-05-06T13:45:46","guid":{"rendered":"https:\/\/www.jungborn.de\/blog\/?p=1907"},"modified":"2021-12-27T08:14:22","modified_gmt":"2021-12-27T07:14:22","slug":"grosser-kindermalwettbewerb-die-gewinner-stehen-fest","status":"publish","type":"post","link":"https:\/\/www.jungborn.de\/blog\/grosser-kindermalwettbewerb-die-gewinner-stehen-fest\/","title":{"rendered":"Gro\u00dfer Kindermalwettbewerb: Die Gewinner stehen fest"},"content":{"rendered":"<p>Anfang des Jahres suchten wir junge K\u00fcnstlerinnen oder K\u00fcnstler f\u00fcr ein buntes und fr\u00f6hliches Motiv aus der M\u00e4rchenwelt, welches wir als Motiv auf eine Dose drucken m\u00f6chten.&nbsp;Wir bei Jungborn&nbsp;sind&nbsp;begeistert von den tollen Ergebnissen und bedanken uns herzlich bei allen, die mitgemacht haben!<\/p>\n<h2 id=\"die-glueckliche-gewinnerin-emma-w-6-jahre-aus-ruhstorf-titelbild-sie-durfte-sich-ueber-ein-preisgeld-in-hoehe-von-500-euro-freuen\">Die gl\u00fcckliche Gewinnerin: Emma W., 6 Jahre aus Ruhstorf (Titelbild). Sie durfte sich \u00fcber ein Preisgeld in H\u00f6he von 500 Euro freuen!<\/h2>\n<p><img loading=\"lazy\" decoding=\"async\" class=\"wp-image-1913 size-large\" src=\"https:\/\/www.jungborn.de\/blog\/wp-content\/uploads\/2021\/05\/Malwettbewerb_1-1024x615.jpg\" alt=\"\" width=\"1024\" height=\"615\" srcset=\"https:\/\/www.jungborn.de\/blog\/wp-content\/uploads\/2021\/05\/Malwettbewerb_1-1024x615.jpg 1024w, https:\/\/www.jungborn.de\/blog\/wp-content\/uploads\/2021\/05\/Malwettbewerb_1-300x180.jpg 300w, https:\/\/www.jungborn.de\/blog\/wp-content\/uploads\/2021\/05\/Malwettbewerb_1-768x461.jpg 768w, https:\/\/www.jungborn.de\/blog\/wp-content\/uploads\/2021\/05\/Malwettbewerb_1-1536x922.jpg 1536w, https:\/\/www.jungborn.de\/blog\/wp-content\/uploads\/2021\/05\/Malwettbewerb_1-2048x1230.jpg 2048w, https:\/\/www.jungborn.de\/blog\/wp-content\/uploads\/2021\/05\/Malwettbewerb_1-380x228.jpg 380w, https:\/\/www.jungborn.de\/blog\/wp-content\/uploads\/2021\/05\/Malwettbewerb_1-560x336.jpg 560w, https:\/\/www.jungborn.de\/blog\/wp-content\/uploads\/2021\/05\/Malwettbewerb_1-800x480.jpg 800w, https:\/\/www.jungborn.de\/blog\/wp-content\/uploads\/2021\/05\/Malwettbewerb_1-1160x696.jpg 1160w, https:\/\/www.jungborn.de\/blog\/wp-content\/uploads\/2021\/05\/Malwettbewerb_1-scaled.jpg 2560w\" sizes=\"auto, (max-width: 1024px) 100vw, 1024px\" \/><\/p>\n<p>Unser Gewinnerbild, eine entz\u00fcckende Zeichnung vom M\u00e4rchen des Froschk\u00f6nigs<\/p>\n<p>Diese bezaubernde Zeichnung vom M\u00e4rchen des Froschk\u00f6nigs kommt von Emma W., die sich von dem bereits ausgezahlten Gewinn eine neue Playmobil-Puppenvilla kaufen m\u00f6chte. Der Rest wird gespart, um sich sp\u00e4ter einen Traum zu erf\u00fcllen.<br \/>\nDen Jungborn-Katalog mit dem Malwettbewerb-Aufruf hat Emma von Ihrer Uroma erhalten. Emma liebt Tiere \u2013 insbesondere Pferde und Katzen \u2013 und m\u00f6chte sp\u00e4ter gerne Tierpflegerin werden.<\/p>\n<h2 id=\"weitere-kinder-bekommen-uns-ein-kleines-dankeschoen-geschenk-fuer-ihre-tollen-einsendungen\">Weitere Kinder bekommen uns ein kleines \u201eDankesch\u00f6n-Geschenk&#8220; f\u00fcr ihre tollen Einsendungen:<\/h2>\n<h3 id=\"viktoria-k-7-jahre-aus-bad-rodach-mit-dem-maerchen-vom-sterntaler\">Viktoria K., 7 Jahre, aus Bad Rodach mit dem M\u00e4rchen vom Sterntaler:<\/h3>\n<p><img loading=\"lazy\" decoding=\"async\" class=\"alignnone wp-image-1909 size-large\" src=\"https:\/\/www.jungborn.de\/blog\/wp-content\/uploads\/2021\/05\/Malwettbewerb_2-1024x724.jpg\" alt=\"\" width=\"1024\" height=\"724\" srcset=\"https:\/\/www.jungborn.de\/blog\/wp-content\/uploads\/2021\/05\/Malwettbewerb_2-1024x724.jpg 1024w, https:\/\/www.jungborn.de\/blog\/wp-content\/uploads\/2021\/05\/Malwettbewerb_2-300x212.jpg 300w, https:\/\/www.jungborn.de\/blog\/wp-content\/uploads\/2021\/05\/Malwettbewerb_2-768x543.jpg 768w, https:\/\/www.jungborn.de\/blog\/wp-content\/uploads\/2021\/05\/Malwettbewerb_2-1536x1086.jpg 1536w, https:\/\/www.jungborn.de\/blog\/wp-content\/uploads\/2021\/05\/Malwettbewerb_2-2048x1448.jpg 2048w, https:\/\/www.jungborn.de\/blog\/wp-content\/uploads\/2021\/05\/Malwettbewerb_2-200x140.jpg 200w, https:\/\/www.jungborn.de\/blog\/wp-content\/uploads\/2021\/05\/Malwettbewerb_2-380x269.jpg 380w, https:\/\/www.jungborn.de\/blog\/wp-content\/uploads\/2021\/05\/Malwettbewerb_2-800x566.jpg 800w, https:\/\/www.jungborn.de\/blog\/wp-content\/uploads\/2021\/05\/Malwettbewerb_2-1160x820.jpg 1160w, https:\/\/www.jungborn.de\/blog\/wp-content\/uploads\/2021\/05\/Malwettbewerb_2-scaled.jpg 2560w\" sizes=\"auto, (max-width: 1024px) 100vw, 1024px\" \/><\/p>\n<h3 id=\"lena-z-8-jahre-aus-nuernberg-mit-dem-maerchen-vom-wolf-und-den-7-geisslein\">Lena Z., 8 Jahre, aus N\u00fcrnberg mit dem M\u00e4rchen vom Wolf und den 7 Gei\u00dflein:<\/h3>\n<p><img loading=\"lazy\" decoding=\"async\" class=\"alignnone wp-image-1912 size-large\" src=\"https:\/\/www.jungborn.de\/blog\/wp-content\/uploads\/2021\/05\/Malwettbewer_3-1024x533.jpg\" alt=\"\" width=\"1024\" height=\"533\" srcset=\"https:\/\/www.jungborn.de\/blog\/wp-content\/uploads\/2021\/05\/Malwettbewer_3-1024x533.jpg 1024w, https:\/\/www.jungborn.de\/blog\/wp-content\/uploads\/2021\/05\/Malwettbewer_3-300x156.jpg 300w, https:\/\/www.jungborn.de\/blog\/wp-content\/uploads\/2021\/05\/Malwettbewer_3-768x400.jpg 768w, https:\/\/www.jungborn.de\/blog\/wp-content\/uploads\/2021\/05\/Malwettbewer_3-1536x800.jpg 1536w, https:\/\/www.jungborn.de\/blog\/wp-content\/uploads\/2021\/05\/Malwettbewer_3-2048x1066.jpg 2048w, https:\/\/www.jungborn.de\/blog\/wp-content\/uploads\/2021\/05\/Malwettbewer_3-380x198.jpg 380w, https:\/\/www.jungborn.de\/blog\/wp-content\/uploads\/2021\/05\/Malwettbewer_3-800x416.jpg 800w, https:\/\/www.jungborn.de\/blog\/wp-content\/uploads\/2021\/05\/Malwettbewer_3-1160x604.jpg 1160w, https:\/\/www.jungborn.de\/blog\/wp-content\/uploads\/2021\/05\/Malwettbewer_3-scaled.jpg 2560w\" sizes=\"auto, (max-width: 1024px) 100vw, 1024px\" \/><\/p>\n<h3 id=\"marie-n-6-jahre-aus-schillingsfuerst-mit-dem-maerchen-vom-froschkoenig\">Marie N., 6 Jahre, aus Schillingsf\u00fcrst mit dem M\u00e4rchen vom Froschk\u00f6nig:<\/h3>\n<p><img loading=\"lazy\" decoding=\"async\" class=\"alignnone wp-image-1910 size-large\" src=\"https:\/\/www.jungborn.de\/blog\/wp-content\/uploads\/2021\/05\/Malwettbewerb_4-1024x724.jpg\" alt=\"\" width=\"1024\" height=\"724\" srcset=\"https:\/\/www.jungborn.de\/blog\/wp-content\/uploads\/2021\/05\/Malwettbewerb_4-1024x724.jpg 1024w, https:\/\/www.jungborn.de\/blog\/wp-content\/uploads\/2021\/05\/Malwettbewerb_4-300x212.jpg 300w, https:\/\/www.jungborn.de\/blog\/wp-content\/uploads\/2021\/05\/Malwettbewerb_4-768x543.jpg 768w, https:\/\/www.jungborn.de\/blog\/wp-content\/uploads\/2021\/05\/Malwettbewerb_4-1536x1086.jpg 1536w, https:\/\/www.jungborn.de\/blog\/wp-content\/uploads\/2021\/05\/Malwettbewerb_4-2048x1448.jpg 2048w, https:\/\/www.jungborn.de\/blog\/wp-content\/uploads\/2021\/05\/Malwettbewerb_4-200x140.jpg 200w, https:\/\/www.jungborn.de\/blog\/wp-content\/uploads\/2021\/05\/Malwettbewerb_4-380x269.jpg 380w, https:\/\/www.jungborn.de\/blog\/wp-content\/uploads\/2021\/05\/Malwettbewerb_4-800x566.jpg 800w, https:\/\/www.jungborn.de\/blog\/wp-content\/uploads\/2021\/05\/Malwettbewerb_4-1160x820.jpg 1160w, https:\/\/www.jungborn.de\/blog\/wp-content\/uploads\/2021\/05\/Malwettbewerb_4-scaled.jpg 2560w\" sizes=\"auto, (max-width: 1024px) 100vw, 1024px\" \/><\/p>\n<h3 id=\"johanna-r-aus-bad-gleichberg-in-oesterreich-mit-dem-maerchen-der-bremer-stadtmusikanten\">Johanna R., aus Bad Gleichberg in \u00d6sterreich, mit dem M\u00e4rchen der Bremer Stadtmusikanten:<\/h3>\n<p><img loading=\"lazy\" decoding=\"async\" class=\"alignnone wp-image-1911 size-large\" src=\"https:\/\/www.jungborn.de\/blog\/wp-content\/uploads\/2021\/05\/Malwettbewerb_5-1024x557.jpg\" alt=\"\" width=\"1024\" height=\"557\" srcset=\"https:\/\/www.jungborn.de\/blog\/wp-content\/uploads\/2021\/05\/Malwettbewerb_5-1024x557.jpg 1024w, https:\/\/www.jungborn.de\/blog\/wp-content\/uploads\/2021\/05\/Malwettbewerb_5-300x163.jpg 300w, https:\/\/www.jungborn.de\/blog\/wp-content\/uploads\/2021\/05\/Malwettbewerb_5-768x417.jpg 768w, https:\/\/www.jungborn.de\/blog\/wp-content\/uploads\/2021\/05\/Malwettbewerb_5-1536x835.jpg 1536w, https:\/\/www.jungborn.de\/blog\/wp-content\/uploads\/2021\/05\/Malwettbewerb_5-2048x1113.jpg 2048w, https:\/\/www.jungborn.de\/blog\/wp-content\/uploads\/2021\/05\/Malwettbewerb_5-380x207.jpg 380w, https:\/\/www.jungborn.de\/blog\/wp-content\/uploads\/2021\/05\/Malwettbewerb_5-800x435.jpg 800w, https:\/\/www.jungborn.de\/blog\/wp-content\/uploads\/2021\/05\/Malwettbewerb_5-1160x631.jpg 1160w, https:\/\/www.jungborn.de\/blog\/wp-content\/uploads\/2021\/05\/Malwettbewerb_5-scaled.jpg 2560w\" sizes=\"auto, (max-width: 1024px) 100vw, 1024px\" \/><\/p>\n<p>Ihre Kinder oder Enkelkinder hatten sehr viel Spa\u00df am Zeichnen, Malen oder Pinsel schwingen! Uns erreichten zahlreiche gro\u00dfartige Einsendungen; ein Bild kreativer als das andere.<\/p>\n<p>Die Auswahl ist uns nicht leicht gefallen. Eigentlich h\u00e4tten sehr viele Kinder einen Preis verdient. Aber wie es im Leben so ist: Man muss sich entscheiden!<\/p>\n<p><strong>Wir vom Jungborn-Team freuen uns sehr, so viele m\u00e4rchenhafte Bilder erhalten zu haben.<\/strong><\/p>\n","protected":false},"excerpt":{"rendered":"Anfang des Jahres suchten wir junge K\u00fcnstlerinnen oder K\u00fcnstler f\u00fcr ein buntes und fr\u00f6hliches Motiv aus der M\u00e4rchenwelt,&hellip;\n","protected":false},"author":1,"featured_media":1908,"comment_status":"open","ping_status":"open","sticky":false,"template":"","format":"standard","meta":{"footnotes":""},"categories":[362],"tags":[311,309,310,307,306,308],"class_list":{"0":"post-1907","1":"post","2":"type-post","3":"status-publish","4":"format-standard","5":"has-post-thumbnail","7":"category-ueber-jungborn","8":"tag-dankeschoen","9":"tag-dose","10":"tag-einsendungen","11":"tag-gewinner","12":"tag-kindermalwettbewerb","13":"tag-maerchenhafte-bilder"},"yoast_head":"<!-- This site is optimized with the Yoast SEO plugin v27.2 - https:\/\/yoast.com\/product\/yoast-seo-wordpress\/ -->\n<title>Gro\u00dfer Kindermalwettbewerb: Die Gewinner stehen fest - Jungborn Blog \u2026hat immer etwas Besonderes<\/title>\n<meta name=\"robots\" content=\"index, follow, max-snippet:-1, max-image-preview:large, max-video-preview:-1\" \/>\n<link rel=\"canonical\" href=\"https:\/\/www.jungborn.de\/blog\/grosser-kindermalwettbewerb-die-gewinner-stehen-fest\/\" \/>\n<meta property=\"og:locale\" content=\"de_DE\" \/>\n<meta property=\"og:type\" content=\"article\" \/>\n<meta property=\"og:title\" content=\"Gro\u00dfer Kindermalwettbewerb: Die Gewinner stehen fest - Jungborn Blog \u2026hat immer etwas Besonderes\" \/>\n<meta property=\"og:description\" content=\"Anfang des Jahres suchten wir junge K\u00fcnstlerinnen oder K\u00fcnstler f\u00fcr ein buntes und fr\u00f6hliches Motiv aus der M\u00e4rchenwelt,&hellip;\" \/>\n<meta property=\"og:url\" content=\"https:\/\/www.jungborn.de\/blog\/grosser-kindermalwettbewerb-die-gewinner-stehen-fest\/\" \/>\n<meta property=\"og:site_name\" content=\"Jungborn Blog \u2026hat immer etwas Besonderes\" \/>\n<meta property=\"article:published_time\" content=\"2021-05-06T13:45:46+00:00\" \/>\n<meta property=\"article:modified_time\" content=\"2021-12-27T07:14:22+00:00\" \/>\n<meta property=\"og:image\" content=\"https:\/\/www.jungborn.de\/blog\/wp-content\/uploads\/2021\/05\/Emma_2-scaled.jpg\" \/>\n\t<meta property=\"og:image:width\" content=\"1920\" \/>\n\t<meta property=\"og:image:height\" content=\"2560\" \/>\n\t<meta property=\"og:image:type\" content=\"image\/jpeg\" \/>\n<meta name=\"author\" content=\"Knut Pries\" \/>\n<meta name=\"twitter:card\" content=\"summary_large_image\" \/>\n<meta name=\"twitter:label1\" content=\"Verfasst von\" \/>\n\t<meta name=\"twitter:data1\" content=\"Knut Pries\" \/>\n\t<meta name=\"twitter:label2\" content=\"Gesch\u00e4tzte Lesezeit\" \/>\n\t<meta name=\"twitter:data2\" content=\"3\u00a0Minuten\" \/>\n<script type=\"application\/ld+json\" class=\"yoast-schema-graph\">{\"@context\":\"https:\/\/schema.org\",\"@graph\":[{\"@type\":\"Article\",\"@id\":\"https:\/\/www.jungborn.de\/blog\/grosser-kindermalwettbewerb-die-gewinner-stehen-fest\/#article\",\"isPartOf\":{\"@id\":\"https:\/\/www.jungborn.de\/blog\/grosser-kindermalwettbewerb-die-gewinner-stehen-fest\/\"},\"author\":{\"name\":\"Knut Pries\",\"@id\":\"https:\/\/www.jungborn.de\/blog\/#\/schema\/person\/541a4ac249d9f55b0c2f4e77aebbd408\"},\"headline\":\"Gro\u00dfer Kindermalwettbewerb: Die Gewinner stehen fest\",\"datePublished\":\"2021-05-06T13:45:46+00:00\",\"dateModified\":\"2021-12-27T07:14:22+00:00\",\"mainEntityOfPage\":{\"@id\":\"https:\/\/www.jungborn.de\/blog\/grosser-kindermalwettbewerb-die-gewinner-stehen-fest\/\"},\"wordCount\":295,\"commentCount\":0,\"image\":{\"@id\":\"https:\/\/www.jungborn.de\/blog\/grosser-kindermalwettbewerb-die-gewinner-stehen-fest\/#primaryimage\"},\"thumbnailUrl\":\"https:\/\/www.jungborn.de\/blog\/wp-content\/uploads\/2021\/05\/Emma_2-scaled.jpg\",\"keywords\":[\"Dankesch\u00f6n\",\"Dose\",\"Einsendungen\",\"Gewinner\",\"Kindermalwettbewerb\",\"M\u00e4rchenhafte Bilder\"],\"articleSection\":[\"\u00dcber Jungborn\"],\"inLanguage\":\"de\",\"potentialAction\":[{\"@type\":\"CommentAction\",\"name\":\"Comment\",\"target\":[\"https:\/\/www.jungborn.de\/blog\/grosser-kindermalwettbewerb-die-gewinner-stehen-fest\/#respond\"]}]},{\"@type\":\"WebPage\",\"@id\":\"https:\/\/www.jungborn.de\/blog\/grosser-kindermalwettbewerb-die-gewinner-stehen-fest\/\",\"url\":\"https:\/\/www.jungborn.de\/blog\/grosser-kindermalwettbewerb-die-gewinner-stehen-fest\/\",\"name\":\"Gro\u00dfer Kindermalwettbewerb: Die Gewinner stehen fest - Jungborn Blog \u2026hat immer etwas Besonderes\",\"isPartOf\":{\"@id\":\"https:\/\/www.jungborn.de\/blog\/#website\"},\"primaryImageOfPage\":{\"@id\":\"https:\/\/www.jungborn.de\/blog\/grosser-kindermalwettbewerb-die-gewinner-stehen-fest\/#primaryimage\"},\"image\":{\"@id\":\"https:\/\/www.jungborn.de\/blog\/grosser-kindermalwettbewerb-die-gewinner-stehen-fest\/#primaryimage\"},\"thumbnailUrl\":\"https:\/\/www.jungborn.de\/blog\/wp-content\/uploads\/2021\/05\/Emma_2-scaled.jpg\",\"datePublished\":\"2021-05-06T13:45:46+00:00\",\"dateModified\":\"2021-12-27T07:14:22+00:00\",\"author\":{\"@id\":\"https:\/\/www.jungborn.de\/blog\/#\/schema\/person\/541a4ac249d9f55b0c2f4e77aebbd408\"},\"breadcrumb\":{\"@id\":\"https:\/\/www.jungborn.de\/blog\/grosser-kindermalwettbewerb-die-gewinner-stehen-fest\/#breadcrumb\"},\"inLanguage\":\"de\",\"potentialAction\":[{\"@type\":\"ReadAction\",\"target\":[\"https:\/\/www.jungborn.de\/blog\/grosser-kindermalwettbewerb-die-gewinner-stehen-fest\/\"]}]},{\"@type\":\"ImageObject\",\"inLanguage\":\"de\",\"@id\":\"https:\/\/www.jungborn.de\/blog\/grosser-kindermalwettbewerb-die-gewinner-stehen-fest\/#primaryimage\",\"url\":\"https:\/\/www.jungborn.de\/blog\/wp-content\/uploads\/2021\/05\/Emma_2-scaled.jpg\",\"contentUrl\":\"https:\/\/www.jungborn.de\/blog\/wp-content\/uploads\/2021\/05\/Emma_2-scaled.jpg\",\"width\":1920,\"height\":2560},{\"@type\":\"BreadcrumbList\",\"@id\":\"https:\/\/www.jungborn.de\/blog\/grosser-kindermalwettbewerb-die-gewinner-stehen-fest\/#breadcrumb\",\"itemListElement\":[{\"@type\":\"ListItem\",\"position\":1,\"name\":\"Startseite\",\"item\":\"https:\/\/www.jungborn.de\/blog\/\"},{\"@type\":\"ListItem\",\"position\":2,\"name\":\"Gro\u00dfer Kindermalwettbewerb: Die Gewinner stehen fest\"}]},{\"@type\":\"WebSite\",\"@id\":\"https:\/\/www.jungborn.de\/blog\/#website\",\"url\":\"https:\/\/www.jungborn.de\/blog\/\",\"name\":\"Jungborn Blog \u2026hat immer etwas Besonderes\",\"description\":\"\",\"potentialAction\":[{\"@type\":\"SearchAction\",\"target\":{\"@type\":\"EntryPoint\",\"urlTemplate\":\"https:\/\/www.jungborn.de\/blog\/?s={search_term_string}\"},\"query-input\":{\"@type\":\"PropertyValueSpecification\",\"valueRequired\":true,\"valueName\":\"search_term_string\"}}],\"inLanguage\":\"de\"},{\"@type\":\"Person\",\"@id\":\"https:\/\/www.jungborn.de\/blog\/#\/schema\/person\/541a4ac249d9f55b0c2f4e77aebbd408\",\"name\":\"Knut Pries\",\"image\":{\"@type\":\"ImageObject\",\"inLanguage\":\"de\",\"@id\":\"https:\/\/secure.gravatar.com\/avatar\/85df9309ba90f863df15a0f5029f0cd6d29d9378993e1c1d1e092dcda1b491db?s=96&d=mm&r=g\",\"url\":\"https:\/\/secure.gravatar.com\/avatar\/85df9309ba90f863df15a0f5029f0cd6d29d9378993e1c1d1e092dcda1b491db?s=96&d=mm&r=g\",\"contentUrl\":\"https:\/\/secure.gravatar.com\/avatar\/85df9309ba90f863df15a0f5029f0cd6d29d9378993e1c1d1e092dcda1b491db?s=96&d=mm&r=g\",\"caption\":\"Knut Pries\"},\"url\":\"https:\/\/www.jungborn.de\/blog\/author\/jungblog\/\"}]}<\/script>\n<!-- \/ Yoast SEO plugin. -->","yoast_head_json":{"title":"Gro\u00dfer Kindermalwettbewerb: Die Gewinner stehen fest - Jungborn Blog \u2026hat immer etwas Besonderes","robots":{"index":"index","follow":"follow","max-snippet":"max-snippet:-1","max-image-preview":"max-image-preview:large","max-video-preview":"max-video-preview:-1"},"canonical":"https:\/\/www.jungborn.de\/blog\/grosser-kindermalwettbewerb-die-gewinner-stehen-fest\/","og_locale":"de_DE","og_type":"article","og_title":"Gro\u00dfer Kindermalwettbewerb: Die Gewinner stehen fest - Jungborn Blog \u2026hat immer etwas Besonderes","og_description":"Anfang des Jahres suchten wir junge K\u00fcnstlerinnen oder K\u00fcnstler f\u00fcr ein buntes und fr\u00f6hliches Motiv aus der M\u00e4rchenwelt,&hellip;","og_url":"https:\/\/www.jungborn.de\/blog\/grosser-kindermalwettbewerb-die-gewinner-stehen-fest\/","og_site_name":"Jungborn Blog \u2026hat immer etwas Besonderes","article_published_time":"2021-05-06T13:45:46+00:00","article_modified_time":"2021-12-27T07:14:22+00:00","og_image":[{"width":1920,"height":2560,"url":"https:\/\/www.jungborn.de\/blog\/wp-content\/uploads\/2021\/05\/Emma_2-scaled.jpg","type":"image\/jpeg"}],"author":"Knut Pries","twitter_card":"summary_large_image","twitter_misc":{"Verfasst von":"Knut Pries","Gesch\u00e4tzte Lesezeit":"3\u00a0Minuten"},"schema":{"@context":"https:\/\/schema.org","@graph":[{"@type":"Article","@id":"https:\/\/www.jungborn.de\/blog\/grosser-kindermalwettbewerb-die-gewinner-stehen-fest\/#article","isPartOf":{"@id":"https:\/\/www.jungborn.de\/blog\/grosser-kindermalwettbewerb-die-gewinner-stehen-fest\/"},"author":{"name":"Knut Pries","@id":"https:\/\/www.jungborn.de\/blog\/#\/schema\/person\/541a4ac249d9f55b0c2f4e77aebbd408"},"headline":"Gro\u00dfer Kindermalwettbewerb: Die Gewinner stehen fest","datePublished":"2021-05-06T13:45:46+00:00","dateModified":"2021-12-27T07:14:22+00:00","mainEntityOfPage":{"@id":"https:\/\/www.jungborn.de\/blog\/grosser-kindermalwettbewerb-die-gewinner-stehen-fest\/"},"wordCount":295,"commentCount":0,"image":{"@id":"https:\/\/www.jungborn.de\/blog\/grosser-kindermalwettbewerb-die-gewinner-stehen-fest\/#primaryimage"},"thumbnailUrl":"https:\/\/www.jungborn.de\/blog\/wp-content\/uploads\/2021\/05\/Emma_2-scaled.jpg","keywords":["Dankesch\u00f6n","Dose","Einsendungen","Gewinner","Kindermalwettbewerb","M\u00e4rchenhafte Bilder"],"articleSection":["\u00dcber Jungborn"],"inLanguage":"de","potentialAction":[{"@type":"CommentAction","name":"Comment","target":["https:\/\/www.jungborn.de\/blog\/grosser-kindermalwettbewerb-die-gewinner-stehen-fest\/#respond"]}]},{"@type":"WebPage","@id":"https:\/\/www.jungborn.de\/blog\/grosser-kindermalwettbewerb-die-gewinner-stehen-fest\/","url":"https:\/\/www.jungborn.de\/blog\/grosser-kindermalwettbewerb-die-gewinner-stehen-fest\/","name":"Gro\u00dfer Kindermalwettbewerb: Die Gewinner stehen fest - Jungborn Blog \u2026hat immer etwas Besonderes","isPartOf":{"@id":"https:\/\/www.jungborn.de\/blog\/#website"},"primaryImageOfPage":{"@id":"https:\/\/www.jungborn.de\/blog\/grosser-kindermalwettbewerb-die-gewinner-stehen-fest\/#primaryimage"},"image":{"@id":"https:\/\/www.jungborn.de\/blog\/grosser-kindermalwettbewerb-die-gewinner-stehen-fest\/#primaryimage"},"thumbnailUrl":"https:\/\/www.jungborn.de\/blog\/wp-content\/uploads\/2021\/05\/Emma_2-scaled.jpg","datePublished":"2021-05-06T13:45:46+00:00","dateModified":"2021-12-27T07:14:22+00:00","author":{"@id":"https:\/\/www.jungborn.de\/blog\/#\/schema\/person\/541a4ac249d9f55b0c2f4e77aebbd408"},"breadcrumb":{"@id":"https:\/\/www.jungborn.de\/blog\/grosser-kindermalwettbewerb-die-gewinner-stehen-fest\/#breadcrumb"},"inLanguage":"de","potentialAction":[{"@type":"ReadAction","target":["https:\/\/www.jungborn.de\/blog\/grosser-kindermalwettbewerb-die-gewinner-stehen-fest\/"]}]},{"@type":"ImageObject","inLanguage":"de","@id":"https:\/\/www.jungborn.de\/blog\/grosser-kindermalwettbewerb-die-gewinner-stehen-fest\/#primaryimage","url":"https:\/\/www.jungborn.de\/blog\/wp-content\/uploads\/2021\/05\/Emma_2-scaled.jpg","contentUrl":"https:\/\/www.jungborn.de\/blog\/wp-content\/uploads\/2021\/05\/Emma_2-scaled.jpg","width":1920,"height":2560},{"@type":"BreadcrumbList","@id":"https:\/\/www.jungborn.de\/blog\/grosser-kindermalwettbewerb-die-gewinner-stehen-fest\/#breadcrumb","itemListElement":[{"@type":"ListItem","position":1,"name":"Startseite","item":"https:\/\/www.jungborn.de\/blog\/"},{"@type":"ListItem","position":2,"name":"Gro\u00dfer Kindermalwettbewerb: Die Gewinner stehen fest"}]},{"@type":"WebSite","@id":"https:\/\/www.jungborn.de\/blog\/#website","url":"https:\/\/www.jungborn.de\/blog\/","name":"Jungborn Blog \u2026hat immer etwas Besonderes","description":"","potentialAction":[{"@type":"SearchAction","target":{"@type":"EntryPoint","urlTemplate":"https:\/\/www.jungborn.de\/blog\/?s={search_term_string}"},"query-input":{"@type":"PropertyValueSpecification","valueRequired":true,"valueName":"search_term_string"}}],"inLanguage":"de"},{"@type":"Person","@id":"https:\/\/www.jungborn.de\/blog\/#\/schema\/person\/541a4ac249d9f55b0c2f4e77aebbd408","name":"Knut Pries","image":{"@type":"ImageObject","inLanguage":"de","@id":"https:\/\/secure.gravatar.com\/avatar\/85df9309ba90f863df15a0f5029f0cd6d29d9378993e1c1d1e092dcda1b491db?s=96&d=mm&r=g","url":"https:\/\/secure.gravatar.com\/avatar\/85df9309ba90f863df15a0f5029f0cd6d29d9378993e1c1d1e092dcda1b491db?s=96&d=mm&r=g","contentUrl":"https:\/\/secure.gravatar.com\/avatar\/85df9309ba90f863df15a0f5029f0cd6d29d9378993e1c1d1e092dcda1b491db?s=96&d=mm&r=g","caption":"Knut Pries"},"url":"https:\/\/www.jungborn.de\/blog\/author\/jungblog\/"}]}},"_links":{"self":[{"href":"https:\/\/www.jungborn.de\/blog\/wp-json\/wp\/v2\/posts\/1907","targetHints":{"allow":["GET"]}}],"collection":[{"href":"https:\/\/www.jungborn.de\/blog\/wp-json\/wp\/v2\/posts"}],"about":[{"href":"https:\/\/www.jungborn.de\/blog\/wp-json\/wp\/v2\/types\/post"}],"author":[{"embeddable":true,"href":"https:\/\/www.jungborn.de\/blog\/wp-json\/wp\/v2\/users\/1"}],"replies":[{"embeddable":true,"href":"https:\/\/www.jungborn.de\/blog\/wp-json\/wp\/v2\/comments?post=1907"}],"version-history":[{"count":9,"href":"https:\/\/www.jungborn.de\/blog\/wp-json\/wp\/v2\/posts\/1907\/revisions"}],"predecessor-version":[{"id":2447,"href":"https:\/\/www.jungborn.de\/blog\/wp-json\/wp\/v2\/posts\/1907\/revisions\/2447"}],"wp:featuredmedia":[{"embeddable":true,"href":"https:\/\/www.jungborn.de\/blog\/wp-json\/wp\/v2\/media\/1908"}],"wp:attachment":[{"href":"https:\/\/www.jungborn.de\/blog\/wp-json\/wp\/v2\/media?parent=1907"}],"wp:term":[{"taxonomy":"category","embeddable":true,"href":"https:\/\/www.jungborn.de\/blog\/wp-json\/wp\/v2\/categories?post=1907"},{"taxonomy":"post_tag","embeddable":true,"href":"https:\/\/www.jungborn.de\/blog\/wp-json\/wp\/v2\/tags?post=1907"}],"curies":[{"name":"wp","href":"https:\/\/api.w.org\/{rel}","templated":true}]}}